{"id":5783,"date":"2023-01-26T15:46:17","date_gmt":"2023-01-26T18:46:17","guid":{"rendered":"https:\/\/prefeitura.santarosa.rs.gov.br\/?p=5783"},"modified":"2024-10-07T09:53:48","modified_gmt":"2024-10-07T12:53:48","slug":"prefeito-anuncia-mais-220-vagas-para-creches-em-2023-projecao-para-os-tres-anos-de-governo-e-de-cerca-de-1-mil-novas-vagas","status":"publish","type":"post","link":"https:\/\/prefeitura.santarosa.rs.gov.br\/?p=5783","title":{"rendered":"Prefeito anuncia mais 220 vagas para creches em 2023     Proje\u00e7\u00e3o para os tr\u00eas anos de governo \u00e9 de cerca de 1 mil novas vagas"},"content":{"rendered":"\n<figure class=\"wp-block-image size-full\"><img fetchpriority=\"high\" decoding=\"async\" width=\"860\" height=\"645\" src=\"https:\/\/prefeitura.santarosa.rs.gov.br\/wp-content\/uploads\/2023\/01\/Formato-Site-e-Portal-860X645-JPG-78.jpg\" alt=\"\" class=\"wp-image-5784\" srcset=\"https:\/\/prefeitura.santarosa.rs.gov.br\/wp-content\/uploads\/2023\/01\/Formato-Site-e-Portal-860X645-JPG-78.jpg 860w, https:\/\/prefeitura.santarosa.rs.gov.br\/wp-content\/uploads\/2023\/01\/Formato-Site-e-Portal-860X645-JPG-78-300x225.jpg 300w, https:\/\/prefeitura.santarosa.rs.gov.br\/wp-content\/uploads\/2023\/01\/Formato-Site-e-Portal-860X645-JPG-78-768x576.jpg 768w\" sizes=\"(max-width: 860px) 100vw, 860px\" \/><\/figure>\n\n\n\n<p>\u00a0O Prefeito Anderson Mantei anunciou nesta\u00a0ter\u00e7a-feira (24), novas vagas para a Educa\u00e7\u00e3o Infantil. Atrav\u00e9s de uma parceria com o Estado, o Governo Municipal vai disponibilizar mais 220 vagas em turmas de ber\u00e7\u00e1rio, maternal e pr\u00e9-escola.\u00a0 Este \u00e9 um compromisso de campanha que vem sendo cumprido pelo Governo Mantei e Taquari, de inserir no m\u00ednimo, 100 vagas por ano. As novas vagas j\u00e1 v\u00e3o poder ser ocupadas, a partir do in\u00edcio do ano letivo.\u00a0<\/p>\n\n\n\n<p><br>\u00a0\u00a0As crian\u00e7as ser\u00e3o atendidas em salas de aulas cedidas por algumas escolas estaduais, sob a coordena\u00e7\u00e3o da Secretaria de Educa\u00e7\u00e3o. Outras 220 vagas j\u00e1 foram criadas desde o in\u00edcio do governo e mais 559 v\u00e3o ser ofertadas com a conclus\u00e3o das 3 escolas que est\u00e3o em constru\u00e7\u00e3o. Dessa forma, a proje\u00e7\u00e3o para os tr\u00eas anos de governo, \u00e9 a abertura de cerca de 1 mil novas vagas na Educa\u00e7\u00e3o Infantil de Santa Rosa. O Prefeito Anderson Mantei, destaca que a educa\u00e7\u00e3o tem sido prioridade no governo e muitas melhorias vem sendo implementadas para melhor atender a popula\u00e7\u00e3o, \u201cEsta \u00e9 uma promessa de campanha que estamos cumprindo. S\u00f3 em 2023, a previs\u00e3o \u00e9 matricular 779 crian\u00e7as que est\u00e3o aguardando por uma vaga, sendo que no plano de governo, a ideia era criar cerca de 100 novas vagas por ano. Conseguimos avan\u00e7ar muito e vamos seguir investindo na \u00e1rea da educa\u00e7\u00e3o, que \u00e9 um dos nossos principais pilares de trabalho\u201d.<\/p>\n\n\n\n<p><br>\u00a0\u00a0Mais de R$ 11,8 milh\u00f5es est\u00e3o sendo investidos nos tr\u00eas grandes projetos de constru\u00e7\u00e3o de 3 escolas de Educa\u00e7\u00e3o Infantil, com previs\u00e3o de conclus\u00e3o no segundo semestre deste ano letivo. S\u00e3o elas: EMEI Andressa Ferreira (Sulina); EMEI da Vila Pereira e EMEI S\u00e3o Francisco. Cada uma das escolas, conta com 1.510,23 m\u00b2 de \u00e1rea constru\u00edda. Ser\u00e3o 10 salas de aula, refeit\u00f3rio, sala de professores, sol\u00e1rios, espa\u00e7o recreativo e demais ambientes planejados e organizados para um melhor atendimento aos alunos da Educa\u00e7\u00e3o Infantil em Santa Rosa. A Secret\u00e1ria de Educa\u00e7\u00e3o Lires Zimermann ressalta o empenho de todos os profissionais, \u201cContamos com um quadro de professores muito qualificados e com todos os investimentos vamos conseguir avan\u00e7ar ainda mais neste ano. As novas vagas s\u00e3o fundamentais para as fam\u00edlias que precisam deixar os filhos na creche para poderem trabalhar\u201d.\u00a0<\/p>\n\n\n\n<p><br>\u00a0\u00a0Santa Rosa conta com 20 EMEIs \u2013 Escolas Municipais de Educa\u00e7\u00e3o Infantil que atendem 3.238 crian\u00e7as no munic\u00edpio. Para auxiliar no gerenciamento e distribui\u00e7\u00e3o das vagas, assim como facilitar o acesso \u00e0s inscri\u00e7\u00f5es, o Governo Municipal implementou no ano passado, a Central de Vagas. Um servi\u00e7o online, que permite aos pais ou respons\u00e1veis, realizarem a inscri\u00e7\u00e3o para as turmas de Ber\u00e7\u00e1rio e Maternal (04 meses a 04 anos incompletos).<\/p>\n\n\n\n<p><\/p>\n","protected":false},"excerpt":{"rendered":"<p>\u00a0O Prefeito Anderson Mantei anunciou nesta\u00a0ter\u00e7a-feira (24), novas vagas para a Educa\u00e7\u00e3o Infantil. Atrav\u00e9s de uma parceria com o Estado,<\/p>\n","protected":false},"author":5,"featured_media":5785,"comment_status":"open","ping_status":"open","sticky":false,"template":"","format":"standard","meta":{"footnotes":""},"categories":[4,18],"tags":[],"class_list":["post-5783","post","type-post","status-publish","format-standard","has-post-thumbnail","hentry","category-noticias","category-secretaria-municipal-de-educacao-e-cultura"],"aioseo_notices":[],"_links":{"self":[{"href":"https:\/\/prefeitura.santarosa.rs.gov.br\/index.php?rest_route=\/wp\/v2\/posts\/5783","targetHints":{"allow":["GET"]}}],"collection":[{"href":"https:\/\/prefeitura.santarosa.rs.gov.br\/index.php?rest_route=\/wp\/v2\/posts"}],"about":[{"href":"https:\/\/prefeitura.santarosa.rs.gov.br\/index.php?rest_route=\/wp\/v2\/types\/post"}],"author":[{"embeddable":true,"href":"https:\/\/prefeitura.santarosa.rs.gov.br\/index.php?rest_route=\/wp\/v2\/users\/5"}],"replies":[{"embeddable":true,"href":"https:\/\/prefeitura.santarosa.rs.gov.br\/index.php?rest_route=%2Fwp%2Fv2%2Fcomments&post=5783"}],"version-history":[{"count":1,"href":"https:\/\/prefeitura.santarosa.rs.gov.br\/index.php?rest_route=\/wp\/v2\/posts\/5783\/revisions"}],"predecessor-version":[{"id":5786,"href":"https:\/\/prefeitura.santarosa.rs.gov.br\/index.php?rest_route=\/wp\/v2\/posts\/5783\/revisions\/5786"}],"wp:featuredmedia":[{"embeddable":true,"href":"https:\/\/prefeitura.santarosa.rs.gov.br\/index.php?rest_route=\/wp\/v2\/media\/5785"}],"wp:attachment":[{"href":"https:\/\/prefeitura.santarosa.rs.gov.br\/index.php?rest_route=%2Fwp%2Fv2%2Fmedia&parent=5783"}],"wp:term":[{"taxonomy":"category","embeddable":true,"href":"https:\/\/prefeitura.santarosa.rs.gov.br\/index.php?rest_route=%2Fwp%2Fv2%2Fcategories&post=5783"},{"taxonomy":"post_tag","embeddable":true,"href":"https:\/\/prefeitura.santarosa.rs.gov.br\/index.php?rest_route=%2Fwp%2Fv2%2Ftags&post=5783"}],"curies":[{"name":"wp","href":"https:\/\/api.w.org\/{rel}","templated":true}]}}