{"id":5765,"date":"2023-01-25T09:03:37","date_gmt":"2023-01-25T12:03:37","guid":{"rendered":"https:\/\/prefeitura.santarosa.rs.gov.br\/?p=5765"},"modified":"2024-10-07T09:53:48","modified_gmt":"2024-10-07T12:53:48","slug":"obra-de-pavimentacao-no-lajeado-taruma","status":"publish","type":"post","link":"https:\/\/prefeitura.santarosa.rs.gov.br\/?p=5765","title":{"rendered":"Obra de pavimenta\u00e7\u00e3o no Lajeado Tarum\u00e3"},"content":{"rendered":"\n<figure class=\"wp-block-image size-full\"><img fetchpriority=\"high\" decoding=\"async\" width=\"860\" height=\"645\" src=\"https:\/\/prefeitura.santarosa.rs.gov.br\/wp-content\/uploads\/2023\/01\/Formato-Site-e-Portal-860X645-JPG-22.jpg\" alt=\"\" class=\"wp-image-5766\" srcset=\"https:\/\/prefeitura.santarosa.rs.gov.br\/wp-content\/uploads\/2023\/01\/Formato-Site-e-Portal-860X645-JPG-22.jpg 860w, https:\/\/prefeitura.santarosa.rs.gov.br\/wp-content\/uploads\/2023\/01\/Formato-Site-e-Portal-860X645-JPG-22-300x225.jpg 300w, https:\/\/prefeitura.santarosa.rs.gov.br\/wp-content\/uploads\/2023\/01\/Formato-Site-e-Portal-860X645-JPG-22-768x576.jpg 768w\" sizes=\"(max-width: 860px) 100vw, 860px\" \/><\/figure>\n\n\n\n<p>O Prefeito Anderson Mantei assinou nesta segunda-feira (23), mais uma ordem de in\u00edcio, de melhorias para o interior de Santa Rosa. Desta vez, a comunidade do Lajeado Tarum\u00e3 vai ser beneficiada com obras de pavimenta\u00e7\u00e3o. Desde o in\u00edcio do governo, a Gest\u00e3o realizou mais de 10 projetos de pavimenta\u00e7\u00e3o no interior, conclu\u00eddos e em execu\u00e7\u00e3o. Um investimento de cerca de R$ 4,4 milh\u00f5es. Al\u00e9m disso, no \u00faltimo ano, foram realizados mais de 470 quil\u00f4metros de recupera\u00e7\u00e3o de estradas. O objetivo foi levar mais infraestrutura e qualidade de vida para as comunidades.<\/p>\n\n\n\n<p>O projeto contempla a pavimenta\u00e7\u00e3o de 685 metros no Lajeado Tarum\u00e3, uma \u00e1rea de 4.115,16 m\u00b2. Al\u00e9m disso, v\u00e3o ser realizados tamb\u00e9m, os servi\u00e7os de terraplanagem, meio fio de concreto rebaixado e enleivamento da sarjeta. O Prefeito Anderson Mantei destacou que a gest\u00e3o est\u00e1 olhando para o interior, levando melhorias e atendendo as demandas das comunidades, \u201cEstamos muito contentes em iniciar mais esta obra no Lajeado Tarum\u00e3. Sabemos o quanto estas melhorias impactam no dia a dia das pessoas que vivem no interior. Nosso compromisso, \u00e9 continuar implementando a\u00e7\u00f5es e projetos que melhorem a qualidade de vida das pessoas, levando mais infraestrutura e comodidade\u201d.<\/p>\n\n\n\n<p>O prazo de execu\u00e7\u00e3o \u00e9 de 180 dias corridos para execu\u00e7\u00e3o da obra. Um investimento de: R$ 398.004,16 que faz parte do contrato do FINISA \u2013 Financiamento \u00e0 Infraestrutura e Saneamento, da Caixa Econ\u00f4mica Federal. Participaram do ato de assinatura, o Presidente da C\u00e2mara de Vereadores de Santa Rosa, Cl\u00e1udio Schmidt, o Secret\u00e1rio de Planejamento e Habita\u00e7\u00e3o, Cl\u00e1udio Franke e o Diretor de Planejamento Urbano, Lu\u00eds Fernando Cad\u00f3 Marzari.<\/p>\n","protected":false},"excerpt":{"rendered":"<p>O Prefeito Anderson Mantei assinou nesta segunda-feira (23), mais uma ordem de in\u00edcio, de melhorias para o interior de Santa<\/p>\n","protected":false},"author":6,"featured_media":5767,"comment_status":"closed","ping_status":"closed","sticky":false,"template":"","format":"standard","meta":{"footnotes":""},"categories":[4,22],"tags":[],"class_list":["post-5765","post","type-post","status-publish","format-standard","has-post-thumbnail","hentry","category-noticias","category-secretaria-municipal-de-planejamento-e-habitacao"],"aioseo_notices":[],"_links":{"self":[{"href":"https:\/\/prefeitura.santarosa.rs.gov.br\/index.php?rest_route=\/wp\/v2\/posts\/5765","targetHints":{"allow":["GET"]}}],"collection":[{"href":"https:\/\/prefeitura.santarosa.rs.gov.br\/index.php?rest_route=\/wp\/v2\/posts"}],"about":[{"href":"https:\/\/prefeitura.santarosa.rs.gov.br\/index.php?rest_route=\/wp\/v2\/types\/post"}],"author":[{"embeddable":true,"href":"https:\/\/prefeitura.santarosa.rs.gov.br\/index.php?rest_route=\/wp\/v2\/users\/6"}],"replies":[{"embeddable":true,"href":"https:\/\/prefeitura.santarosa.rs.gov.br\/index.php?rest_route=%2Fwp%2Fv2%2Fcomments&post=5765"}],"version-history":[{"count":1,"href":"https:\/\/prefeitura.santarosa.rs.gov.br\/index.php?rest_route=\/wp\/v2\/posts\/5765\/revisions"}],"predecessor-version":[{"id":5768,"href":"https:\/\/prefeitura.santarosa.rs.gov.br\/index.php?rest_route=\/wp\/v2\/posts\/5765\/revisions\/5768"}],"wp:featuredmedia":[{"embeddable":true,"href":"https:\/\/prefeitura.santarosa.rs.gov.br\/index.php?rest_route=\/wp\/v2\/media\/5767"}],"wp:attachment":[{"href":"https:\/\/prefeitura.santarosa.rs.gov.br\/index.php?rest_route=%2Fwp%2Fv2%2Fmedia&parent=5765"}],"wp:term":[{"taxonomy":"category","embeddable":true,"href":"https:\/\/prefeitura.santarosa.rs.gov.br\/index.php?rest_route=%2Fwp%2Fv2%2Fcategories&post=5765"},{"taxonomy":"post_tag","embeddable":true,"href":"https:\/\/prefeitura.santarosa.rs.gov.br\/index.php?rest_route=%2Fwp%2Fv2%2Ftags&post=5765"}],"curies":[{"name":"wp","href":"https:\/\/api.w.org\/{rel}","templated":true}]}}