{"id":5720,"date":"2023-01-17T16:46:56","date_gmt":"2023-01-17T19:46:56","guid":{"rendered":"https:\/\/prefeitura.santarosa.rs.gov.br\/?p=5720"},"modified":"2024-10-07T09:53:48","modified_gmt":"2024-10-07T12:53:48","slug":"secretaria-de-desenvolvimento-social-recebe-doacao-de-hortalicas-cultivadas-por-voluntarios-do-hortigranjeiros","status":"publish","type":"post","link":"https:\/\/prefeitura.santarosa.rs.gov.br\/?p=5720","title":{"rendered":"Secretaria de Desenvolvimento Social recebe doa\u00e7\u00e3o de hortali\u00e7as cultivadas por volunt\u00e1rios do Hortigranjeiros"},"content":{"rendered":"\n<figure class=\"wp-block-image size-full\"><img fetchpriority=\"high\" decoding=\"async\" width=\"860\" height=\"645\" src=\"https:\/\/prefeitura.santarosa.rs.gov.br\/wp-content\/uploads\/2023\/01\/Formato-Site-e-Portal-860X645-JPG-13.jpg\" alt=\"\" class=\"wp-image-5721\" srcset=\"https:\/\/prefeitura.santarosa.rs.gov.br\/wp-content\/uploads\/2023\/01\/Formato-Site-e-Portal-860X645-JPG-13.jpg 860w, https:\/\/prefeitura.santarosa.rs.gov.br\/wp-content\/uploads\/2023\/01\/Formato-Site-e-Portal-860X645-JPG-13-300x225.jpg 300w, https:\/\/prefeitura.santarosa.rs.gov.br\/wp-content\/uploads\/2023\/01\/Formato-Site-e-Portal-860X645-JPG-13-768x576.jpg 768w\" sizes=\"(max-width: 860px) 100vw, 860px\" \/><\/figure>\n\n\n\n<p>Na manh\u00e3 desta ter\u00e7a-feira (17), representantes do Hortigranjeiros realizaram a doa\u00e7\u00e3o de hortali\u00e7as para a Secretaria de Desenvolvimento Social. A colheita foi realizada no S\u00edtio Agroecol\u00f3gico Santa F\u00e9 de Santa Rosa, onde as sementes foram plantadas por volunt\u00e1rios da feira. Ap\u00f3s a doa\u00e7\u00e3o, a equipe da Secretaria de Desenvolvimento Social ficou respons\u00e1vel por destinar as hortali\u00e7as para entidades socioassistenciais do munic\u00edpio.<\/p>\n\n\n\n<p>A entrega foi realizada pelo vice-presidente da feira, Euclides Spies, e pelo coordenador geral, V\u00e2nio Heimerdinger. Na oportunidade, a Secret\u00e1ria de Desenvolvimento Social, Rita Strasser, agradeceu o ato de solidariedade, \u201cFicamos muito contentes em receber esta doa\u00e7\u00e3o e assim, poder levar para diversas entidades e unidades p\u00fablicas, uma alimenta\u00e7\u00e3o saud\u00e1vel e diversificada\u201d. Foram beneficiadas com as doa\u00e7\u00f5es, as seguintes entidades: Apromes, Avipae, Abefra, Lar do Idoso, Casa de Passagem e Abrigo Conviver.<\/p>\n\n\n\n<p>O 34\u00ba Encontro Estadual de Hortigranjeiros vai acontecer neste ano, de 09 a 13 de agosto, no Parque Municipal de Exposi\u00e7\u00f5es Alfredo Leandro Carlson. Uma das atra\u00e7\u00f5es desta edi\u00e7\u00e3o, vai ser o Hortishow, que em parceria com o Sicredi, vai apresentar tecnologias e op\u00e7\u00f5es para a produ\u00e7\u00e3o dom\u00e9stica e em larga escala.<\/p>\n","protected":false},"excerpt":{"rendered":"<p>Na manh\u00e3 desta ter\u00e7a-feira (17), representantes do Hortigranjeiros realizaram a doa\u00e7\u00e3o de hortali\u00e7as para a Secretaria de Desenvolvimento Social. A<\/p>\n","protected":false},"author":6,"featured_media":5722,"comment_status":"closed","ping_status":"closed","sticky":false,"template":"","format":"standard","meta":{"footnotes":""},"categories":[4,17],"tags":[],"class_list":["post-5720","post","type-post","status-publish","format-standard","has-post-thumbnail","hentry","category-noticias","category-secretaria-municipal-de-desenvolvimento-social"],"aioseo_notices":[],"_links":{"self":[{"href":"https:\/\/prefeitura.santarosa.rs.gov.br\/index.php?rest_route=\/wp\/v2\/posts\/5720","targetHints":{"allow":["GET"]}}],"collection":[{"href":"https:\/\/prefeitura.santarosa.rs.gov.br\/index.php?rest_route=\/wp\/v2\/posts"}],"about":[{"href":"https:\/\/prefeitura.santarosa.rs.gov.br\/index.php?rest_route=\/wp\/v2\/types\/post"}],"author":[{"embeddable":true,"href":"https:\/\/prefeitura.santarosa.rs.gov.br\/index.php?rest_route=\/wp\/v2\/users\/6"}],"replies":[{"embeddable":true,"href":"https:\/\/prefeitura.santarosa.rs.gov.br\/index.php?rest_route=%2Fwp%2Fv2%2Fcomments&post=5720"}],"version-history":[{"count":1,"href":"https:\/\/prefeitura.santarosa.rs.gov.br\/index.php?rest_route=\/wp\/v2\/posts\/5720\/revisions"}],"predecessor-version":[{"id":5723,"href":"https:\/\/prefeitura.santarosa.rs.gov.br\/index.php?rest_route=\/wp\/v2\/posts\/5720\/revisions\/5723"}],"wp:featuredmedia":[{"embeddable":true,"href":"https:\/\/prefeitura.santarosa.rs.gov.br\/index.php?rest_route=\/wp\/v2\/media\/5722"}],"wp:attachment":[{"href":"https:\/\/prefeitura.santarosa.rs.gov.br\/index.php?rest_route=%2Fwp%2Fv2%2Fmedia&parent=5720"}],"wp:term":[{"taxonomy":"category","embeddable":true,"href":"https:\/\/prefeitura.santarosa.rs.gov.br\/index.php?rest_route=%2Fwp%2Fv2%2Fcategories&post=5720"},{"taxonomy":"post_tag","embeddable":true,"href":"https:\/\/prefeitura.santarosa.rs.gov.br\/index.php?rest_route=%2Fwp%2Fv2%2Ftags&post=5720"}],"curies":[{"name":"wp","href":"https:\/\/api.w.org\/{rel}","templated":true}]}}