{"id":572,"date":"2021-12-14T15:21:00","date_gmt":"2021-12-14T18:21:00","guid":{"rendered":"https:\/\/prefeitura.santarosa.rs.gov.br\/?p=572"},"modified":"2024-10-07T09:54:41","modified_gmt":"2024-10-07T12:54:41","slug":"vacinacao-contra-a-covid-19-disponivel-no-turno-da-noite","status":"publish","type":"post","link":"https:\/\/prefeitura.santarosa.rs.gov.br\/?p=572","title":{"rendered":"Vacina\u00e7\u00e3o contra a COVID-19 dispon\u00edvel no turno da noite"},"content":{"rendered":"\n<p>O atendimento vai ocorrer por ordem de chegada.<\/p>\n\n\n\n<p>A Funda\u00e7\u00e3o Municipal de Sa\u00fade de Santa Rosa informa que durante esta semana vai estar com uma unidade m\u00f3vel de vacina\u00e7\u00e3o contra a COVID-19 na Pra\u00e7a da Bandeira. O atendimento no centro vai acontecer das 18h \u00e0s 21h todas as noites. O objetivo deste mutir\u00e3o \u00e9 atender a popula\u00e7\u00e3o que n\u00e3o consegue se deslocar em hor\u00e1rio comercial para os demais locais onde a imuniza\u00e7\u00e3o ocorre. V\u00e3o ser realizadas todas as doses: dose um (D1), dose dois (D2) e a dose de refor\u00e7o (DR). O atendimento vai ocorrer por ordem de chegada.<\/p>\n\n\n\n<p>Al\u00e9m das doses realizada pela Unidade M\u00f3vel no per\u00edodo noturno, a vacina\u00e7\u00e3o continua dispon\u00edvel diariamente de segunda a sexta-feira, das 07h30 \u00e0s 11h00 e das 13h30 \u00e0s 17h00 na Central de Vacinas da FUMSSAR e na UBS Pereira. A Central de Vacina\u00e7\u00e3o da FUMSSAR fica localizada na Rua Dr. Francisco Timm, 480 centro, no subsolo (entrada pela lateral) e a UBS Pereira, na Rua Augusto Pestana, 338, Pereira (entrada pela lateral). As primeiras doses (D1) v\u00e3o ser realizadas, por faixa et\u00e1ria, para pessoas a partir dos 12 anos.<\/p>\n\n\n\n<p>As segundas doses (D2) de Coronavac com intervalo de 28 dias ap\u00f3s a primeira dose. Astrazeneca e Pfizer, ap\u00f3s oito semanas da primeira aplica\u00e7\u00e3o. As doses de refor\u00e7o (DR) v\u00e3o estar dispon\u00edveis para pessoas acima de 18 anos, que realizaram a segunda dose h\u00e1 05 meses. Os moradores de Santa Rosa que forem se vacinar precisam levar documento com foto, CPF, cart\u00e3o SUS e a caderneta de vacina\u00e7\u00e3o. Os jovens a partir de 14 anos, precisam ir acompanhados dos pais ou respons\u00e1vel legal.<\/p>\n","protected":false},"excerpt":{"rendered":"<p>O atendimento vai ocorrer por ordem de chegada. A Funda\u00e7\u00e3o Municipal de Sa\u00fade de Santa Rosa informa que durante esta<\/p>\n","protected":false},"author":3,"featured_media":573,"comment_status":"open","ping_status":"open","sticky":false,"template":"","format":"standard","meta":{"footnotes":""},"categories":[6,4,8],"tags":[],"class_list":["post-572","post","type-post","status-publish","format-standard","has-post-thumbnail","hentry","category-covid-19","category-noticias","category-noticias-fumssar"],"aioseo_notices":[],"_links":{"self":[{"href":"https:\/\/prefeitura.santarosa.rs.gov.br\/index.php?rest_route=\/wp\/v2\/posts\/572","targetHints":{"allow":["GET"]}}],"collection":[{"href":"https:\/\/prefeitura.santarosa.rs.gov.br\/index.php?rest_route=\/wp\/v2\/posts"}],"about":[{"href":"https:\/\/prefeitura.santarosa.rs.gov.br\/index.php?rest_route=\/wp\/v2\/types\/post"}],"author":[{"embeddable":true,"href":"https:\/\/prefeitura.santarosa.rs.gov.br\/index.php?rest_route=\/wp\/v2\/users\/3"}],"replies":[{"embeddable":true,"href":"https:\/\/prefeitura.santarosa.rs.gov.br\/index.php?rest_route=%2Fwp%2Fv2%2Fcomments&post=572"}],"version-history":[{"count":1,"href":"https:\/\/prefeitura.santarosa.rs.gov.br\/index.php?rest_route=\/wp\/v2\/posts\/572\/revisions"}],"predecessor-version":[{"id":574,"href":"https:\/\/prefeitura.santarosa.rs.gov.br\/index.php?rest_route=\/wp\/v2\/posts\/572\/revisions\/574"}],"wp:featuredmedia":[{"embeddable":true,"href":"https:\/\/prefeitura.santarosa.rs.gov.br\/index.php?rest_route=\/wp\/v2\/media\/573"}],"wp:attachment":[{"href":"https:\/\/prefeitura.santarosa.rs.gov.br\/index.php?rest_route=%2Fwp%2Fv2%2Fmedia&parent=572"}],"wp:term":[{"taxonomy":"category","embeddable":true,"href":"https:\/\/prefeitura.santarosa.rs.gov.br\/index.php?rest_route=%2Fwp%2Fv2%2Fcategories&post=572"},{"taxonomy":"post_tag","embeddable":true,"href":"https:\/\/prefeitura.santarosa.rs.gov.br\/index.php?rest_route=%2Fwp%2Fv2%2Ftags&post=572"}],"curies":[{"name":"wp","href":"https:\/\/api.w.org\/{rel}","templated":true}]}}