{"id":5669,"date":"2023-01-10T16:40:50","date_gmt":"2023-01-10T19:40:50","guid":{"rendered":"https:\/\/prefeitura.santarosa.rs.gov.br\/?p=5669"},"modified":"2024-10-07T09:53:49","modified_gmt":"2024-10-07T12:53:49","slug":"mais-um-empreendimento-no-distrito-industrial-de-santa-rosa","status":"publish","type":"post","link":"https:\/\/prefeitura.santarosa.rs.gov.br\/?p=5669","title":{"rendered":"Mais um empreendimento no Distrito Industrial de Santa Rosa"},"content":{"rendered":"\n<figure class=\"wp-block-image size-full\"><img fetchpriority=\"high\" decoding=\"async\" width=\"860\" height=\"645\" src=\"https:\/\/prefeitura.santarosa.rs.gov.br\/wp-content\/uploads\/2023\/01\/Formato-Site-e-Portal-860X645-JPG-2.jpg\" alt=\"\" class=\"wp-image-5670\" srcset=\"https:\/\/prefeitura.santarosa.rs.gov.br\/wp-content\/uploads\/2023\/01\/Formato-Site-e-Portal-860X645-JPG-2.jpg 860w, https:\/\/prefeitura.santarosa.rs.gov.br\/wp-content\/uploads\/2023\/01\/Formato-Site-e-Portal-860X645-JPG-2-300x225.jpg 300w, https:\/\/prefeitura.santarosa.rs.gov.br\/wp-content\/uploads\/2023\/01\/Formato-Site-e-Portal-860X645-JPG-2-768x576.jpg 768w\" sizes=\"(max-width: 860px) 100vw, 860px\" \/><\/figure>\n\n\n\n<p><br>A Prefeitura de Santa Rosa atrav\u00e9s da Secretaria de Desenvolvimento Econ\u00f4mico, Turismo e Tecnologia, anunciou nesta ter\u00e7a-feira (10), que o Distrito Industrial Felipe Streich, ser\u00e1 contemplado com mais um empreendimento. O local vai receber melhorias na infraestrutura. A novidade ser\u00e1 a constru\u00e7\u00e3o de um Centro de Treinamento e Alimenta\u00e7\u00e3o \u2013 CTA. O novo espa\u00e7o vai abrigar um restaurante, com capacidade de duas mil refei\u00e7\u00f5es por dia, al\u00e9m de um audit\u00f3rio para reuni\u00f5es e treinamentos de equipes.<\/p>\n\n\n\n<p>A iniciativa partiu de diversas empresas do distrito, que uniram for\u00e7as para viabilizar a constru\u00e7\u00e3o da obra. A estrutura vai servir como um centro de apoio para os pr\u00f3prios estabelecimentos instalados no Distrito Industrial. O Secret\u00e1rio de Desenvolvimento Econ\u00f4mico, Odaylson Eder, destaca que o objetivo \u00e9 atender melhor as empresas e os trabalhadores que atuam no local, \u201cEste \u00e9 um empreendimento moderno, amplo e que vai estar preparado para abrigar mais pessoas e assim, permitir que futuramente, as empresas possam ampliar seus neg\u00f3cios e contratarem mais pessoas. O resultado \u00e9 a gera\u00e7\u00e3o de renda, novos empregos e mais desenvolvimento para Santa Rosa\u201d. A constru\u00e7\u00e3o est\u00e1 prevista para iniciar neste m\u00eas de janeiro, com previs\u00e3o de conclus\u00e3o, para o primeiro semestre de 2023.<\/p>\n","protected":false},"excerpt":{"rendered":"<p>A Prefeitura de Santa Rosa atrav\u00e9s da Secretaria de Desenvolvimento Econ\u00f4mico, Turismo e Tecnologia, anunciou nesta ter\u00e7a-feira (10), que o<\/p>\n","protected":false},"author":6,"featured_media":5671,"comment_status":"closed","ping_status":"closed","sticky":false,"template":"","format":"standard","meta":{"footnotes":""},"categories":[4,16],"tags":[],"class_list":["post-5669","post","type-post","status-publish","format-standard","has-post-thumbnail","hentry","category-noticias","category-secretaria-municipal-de-desenvolvimento-economico-turismo-e-tecnologia"],"aioseo_notices":[],"_links":{"self":[{"href":"https:\/\/prefeitura.santarosa.rs.gov.br\/index.php?rest_route=\/wp\/v2\/posts\/5669","targetHints":{"allow":["GET"]}}],"collection":[{"href":"https:\/\/prefeitura.santarosa.rs.gov.br\/index.php?rest_route=\/wp\/v2\/posts"}],"about":[{"href":"https:\/\/prefeitura.santarosa.rs.gov.br\/index.php?rest_route=\/wp\/v2\/types\/post"}],"author":[{"embeddable":true,"href":"https:\/\/prefeitura.santarosa.rs.gov.br\/index.php?rest_route=\/wp\/v2\/users\/6"}],"replies":[{"embeddable":true,"href":"https:\/\/prefeitura.santarosa.rs.gov.br\/index.php?rest_route=%2Fwp%2Fv2%2Fcomments&post=5669"}],"version-history":[{"count":1,"href":"https:\/\/prefeitura.santarosa.rs.gov.br\/index.php?rest_route=\/wp\/v2\/posts\/5669\/revisions"}],"predecessor-version":[{"id":5672,"href":"https:\/\/prefeitura.santarosa.rs.gov.br\/index.php?rest_route=\/wp\/v2\/posts\/5669\/revisions\/5672"}],"wp:featuredmedia":[{"embeddable":true,"href":"https:\/\/prefeitura.santarosa.rs.gov.br\/index.php?rest_route=\/wp\/v2\/media\/5671"}],"wp:attachment":[{"href":"https:\/\/prefeitura.santarosa.rs.gov.br\/index.php?rest_route=%2Fwp%2Fv2%2Fmedia&parent=5669"}],"wp:term":[{"taxonomy":"category","embeddable":true,"href":"https:\/\/prefeitura.santarosa.rs.gov.br\/index.php?rest_route=%2Fwp%2Fv2%2Fcategories&post=5669"},{"taxonomy":"post_tag","embeddable":true,"href":"https:\/\/prefeitura.santarosa.rs.gov.br\/index.php?rest_route=%2Fwp%2Fv2%2Ftags&post=5669"}],"curies":[{"name":"wp","href":"https:\/\/api.w.org\/{rel}","templated":true}]}}