{"id":5562,"date":"2022-12-28T15:28:57","date_gmt":"2022-12-28T18:28:57","guid":{"rendered":"https:\/\/prefeitura.santarosa.rs.gov.br\/?p=5562"},"modified":"2024-10-07T09:53:49","modified_gmt":"2024-10-07T12:53:49","slug":"fumssar-realiza-acoes-no-dezembro-vermelho","status":"publish","type":"post","link":"https:\/\/prefeitura.santarosa.rs.gov.br\/?p=5562","title":{"rendered":"FUMSSAR realiza a\u00e7\u00f5es no Dezembro Vermelho"},"content":{"rendered":"\n<figure class=\"wp-block-image size-full\"><img fetchpriority=\"high\" decoding=\"async\" width=\"860\" height=\"645\" src=\"https:\/\/prefeitura.santarosa.rs.gov.br\/wp-content\/uploads\/2022\/12\/Formato-Site-e-Portal-860X645-JPG-2022-12-28T152249.549.jpg\" alt=\"\" class=\"wp-image-5563\" srcset=\"https:\/\/prefeitura.santarosa.rs.gov.br\/wp-content\/uploads\/2022\/12\/Formato-Site-e-Portal-860X645-JPG-2022-12-28T152249.549.jpg 860w, https:\/\/prefeitura.santarosa.rs.gov.br\/wp-content\/uploads\/2022\/12\/Formato-Site-e-Portal-860X645-JPG-2022-12-28T152249.549-300x225.jpg 300w, https:\/\/prefeitura.santarosa.rs.gov.br\/wp-content\/uploads\/2022\/12\/Formato-Site-e-Portal-860X645-JPG-2022-12-28T152249.549-768x576.jpg 768w\" sizes=\"(max-width: 860px) 100vw, 860px\" \/><\/figure>\n\n\n\n<p>A Funda\u00e7\u00e3o Municipal de Sa\u00fade de Santa Rosa atrav\u00e9s do SAE &#8211; Servi\u00e7o de Atendimento Especializado, tem realizado a\u00e7\u00f5es de preven\u00e7\u00e3o ao HIV\/Aids e outras IST\u2019s &#8211; Infec\u00e7\u00f5es Sexualmente Transmiss\u00edveis. As atividades fazem parte da Campanha Dezembro Vermelho, que tem como objetivo ampliar o acesso ao diagn\u00f3stico precoce do HIV, S\u00edfilis e Hepatites B e C. Al\u00e9m disso, a inten\u00e7\u00e3o \u00e9 reduzir o cont\u00e1gio pela transmiss\u00e3o vertical, que ocorre da m\u00e3e para o filho, durante a gesta\u00e7\u00e3o, parto ou amamenta\u00e7\u00e3o.<\/p>\n\n\n\n<p>Durante o ano todo, as Unidades B\u00e1sicas de Sa\u00fade orientam, distribuem preservativos e realizam testes r\u00e1pidos. Neste m\u00eas de dezembro, as a\u00e7\u00f5es foram intensificadas. Foram realizados mutir\u00f5es ao ar livre, em parceria com o CEREST, com a entrega de panfletos e informativos, orienta\u00e7\u00f5es para a popula\u00e7\u00e3o e a realiza\u00e7\u00e3o dos testes r\u00e1pidos de HIV, S\u00edfilis e Hepatites B e C. O Coordenador do Centro de Especialidades, Leandro Rog\u00e9rio Deuschle, destaca que este \u00e9 um cuidado que deve ser seguido o ano todo e n\u00e3o s\u00f3 em dezembro, \u201cNeste m\u00eas, as a\u00e7\u00f5es s\u00e3o focadas na preven\u00e7\u00e3o das doen\u00e7as, seguindo a campanha do Dezembro Vermelho. Por\u00e9m, \u00e9 importante que a popula\u00e7\u00e3o mantenha os cuidados durante o ano todo, realizando os testes anualmente e prevenindo as IST\u2019s\u201d.<\/p>\n\n\n\n<p>Em Santa Rosa, a FUMSSAR \u00e9 respons\u00e1vel por todo o monitoramento e atendimento das pessoas com HIV. Em 2021, foram diagnosticadas com a doen\u00e7a, 19 pessoas. J\u00e1 neste ano, s\u00e3o at\u00e9 o momento, 17 novos casos confirmados. Os testes r\u00e1pidos (HIV, S\u00edflis, Hepatites B e C) s\u00e3o realizados em todas as UBS\u2019s e no Centro de Especialidades. Os pacientes que por ventura, tenham a confirma\u00e7\u00e3o de alguma destas doen\u00e7as, s\u00e3o encaminhados pelas unidades para dar seguimento ao tratamento especializado.<\/p>\n","protected":false},"excerpt":{"rendered":"<p>A Funda\u00e7\u00e3o Municipal de Sa\u00fade de Santa Rosa atrav\u00e9s do SAE &#8211; Servi\u00e7o de Atendimento Especializado, tem realizado a\u00e7\u00f5es de<\/p>\n","protected":false},"author":6,"featured_media":5564,"comment_status":"closed","ping_status":"closed","sticky":false,"template":"","format":"standard","meta":{"footnotes":""},"categories":[4,8],"tags":[],"class_list":["post-5562","post","type-post","status-publish","format-standard","has-post-thumbnail","hentry","category-noticias","category-noticias-fumssar"],"aioseo_notices":[],"_links":{"self":[{"href":"https:\/\/prefeitura.santarosa.rs.gov.br\/index.php?rest_route=\/wp\/v2\/posts\/5562","targetHints":{"allow":["GET"]}}],"collection":[{"href":"https:\/\/prefeitura.santarosa.rs.gov.br\/index.php?rest_route=\/wp\/v2\/posts"}],"about":[{"href":"https:\/\/prefeitura.santarosa.rs.gov.br\/index.php?rest_route=\/wp\/v2\/types\/post"}],"author":[{"embeddable":true,"href":"https:\/\/prefeitura.santarosa.rs.gov.br\/index.php?rest_route=\/wp\/v2\/users\/6"}],"replies":[{"embeddable":true,"href":"https:\/\/prefeitura.santarosa.rs.gov.br\/index.php?rest_route=%2Fwp%2Fv2%2Fcomments&post=5562"}],"version-history":[{"count":1,"href":"https:\/\/prefeitura.santarosa.rs.gov.br\/index.php?rest_route=\/wp\/v2\/posts\/5562\/revisions"}],"predecessor-version":[{"id":5565,"href":"https:\/\/prefeitura.santarosa.rs.gov.br\/index.php?rest_route=\/wp\/v2\/posts\/5562\/revisions\/5565"}],"wp:featuredmedia":[{"embeddable":true,"href":"https:\/\/prefeitura.santarosa.rs.gov.br\/index.php?rest_route=\/wp\/v2\/media\/5564"}],"wp:attachment":[{"href":"https:\/\/prefeitura.santarosa.rs.gov.br\/index.php?rest_route=%2Fwp%2Fv2%2Fmedia&parent=5562"}],"wp:term":[{"taxonomy":"category","embeddable":true,"href":"https:\/\/prefeitura.santarosa.rs.gov.br\/index.php?rest_route=%2Fwp%2Fv2%2Fcategories&post=5562"},{"taxonomy":"post_tag","embeddable":true,"href":"https:\/\/prefeitura.santarosa.rs.gov.br\/index.php?rest_route=%2Fwp%2Fv2%2Ftags&post=5562"}],"curies":[{"name":"wp","href":"https:\/\/api.w.org\/{rel}","templated":true}]}}