{"id":5544,"date":"2022-12-26T17:24:14","date_gmt":"2022-12-26T20:24:14","guid":{"rendered":"https:\/\/prefeitura.santarosa.rs.gov.br\/?p=5544"},"modified":"2024-10-07T09:53:49","modified_gmt":"2024-10-07T12:53:49","slug":"classmann-recebe-duas-viaturas-para-santa-rosa","status":"publish","type":"post","link":"https:\/\/prefeitura.santarosa.rs.gov.br\/?p=5544","title":{"rendered":"Classmann recebe duas viaturas para Santa Rosa"},"content":{"rendered":"\n<figure class=\"wp-block-image size-full\"><img fetchpriority=\"high\" decoding=\"async\" width=\"860\" height=\"645\" src=\"https:\/\/prefeitura.santarosa.rs.gov.br\/wp-content\/uploads\/2022\/12\/Formato-Site-e-Portal-860X645-JPG-66.jpg\" alt=\"\" class=\"wp-image-5545\" srcset=\"https:\/\/prefeitura.santarosa.rs.gov.br\/wp-content\/uploads\/2022\/12\/Formato-Site-e-Portal-860X645-JPG-66.jpg 860w, https:\/\/prefeitura.santarosa.rs.gov.br\/wp-content\/uploads\/2022\/12\/Formato-Site-e-Portal-860X645-JPG-66-300x225.jpg 300w, https:\/\/prefeitura.santarosa.rs.gov.br\/wp-content\/uploads\/2022\/12\/Formato-Site-e-Portal-860X645-JPG-66-768x576.jpg 768w\" sizes=\"(max-width: 860px) 100vw, 860px\" \/><\/figure>\n\n\n\n<p><br>Dois ve\u00edculos novos para os servi\u00e7os da Susepe e do Corpo de Bombeiros de Santa Rosa. O Secret\u00e1rio de Esporte, Fernando Classmann, representando o Governo Municipal participou do ato de entrega que aconteceu na\u00a0sexta-feira (23), no antigo estacionamento da EPTC, em Porto Alegre. O evento contou com a presen\u00e7a do governador do RS, Ranolfo Vieira, da secret\u00e1ria de Justi\u00e7a e Sistemas Penal e Socioeducativo, Carolina Ramires de Oliveira e do secret\u00e1rio de Seguran\u00e7a P\u00fablica, Coronel Vanius Santarosa.\u00a0<\/p>\n\n\n\n<p><br>Mais de 130 munic\u00edpios ga\u00fachos foram beneficiados com autom\u00f3veis zero quil\u00f4metro, entregues pelo Governo Estadual. Santa Rosa foi contemplada com 01 picape Mitsubishi L-200 semiblindada para uso da Superintend\u00eancia de Servi\u00e7os Penitenci\u00e1rios &#8211; Susepe e 01 Ambul\u00e2ncia de Resgate para o Corpo de Bombeiros Militar &#8211; 11\u00ba Batalh\u00e3o de Bombeiro Militar \u2013 BBM.<\/p>\n\n\n\n<p><br>O Secret\u00e1rio Classmann acompanhado do soldado Eduardo, do 11\u00ba BBM, agradeceu o Governo Estadual por mais este investimento na seguran\u00e7a p\u00fablica, \u201cFicamos muito contentes em receber mais este refor\u00e7o para as for\u00e7as de seguran\u00e7a de Santa Rosa e de toda a regi\u00e3o. Essa melhoria vai oportunizar mais infraestrutura para a Susepe e para o Corpo de Bombeiros\u201d. Na cerim\u00f4nia, o governador Ranolfo aproveitou o momento para destacar tamb\u00e9m, a mudan\u00e7a no cen\u00e1rio de investimentos na seguran\u00e7a p\u00fablica que ocorreu nos \u00faltimos anos no Estado.<\/p>\n","protected":false},"excerpt":{"rendered":"<p>Dois ve\u00edculos novos para os servi\u00e7os da Susepe e do Corpo de Bombeiros de Santa Rosa. O Secret\u00e1rio de Esporte,<\/p>\n","protected":false},"author":5,"featured_media":5546,"comment_status":"open","ping_status":"open","sticky":false,"template":"","format":"standard","meta":{"footnotes":""},"categories":[4],"tags":[],"class_list":["post-5544","post","type-post","status-publish","format-standard","has-post-thumbnail","hentry","category-noticias"],"aioseo_notices":[],"_links":{"self":[{"href":"https:\/\/prefeitura.santarosa.rs.gov.br\/index.php?rest_route=\/wp\/v2\/posts\/5544","targetHints":{"allow":["GET"]}}],"collection":[{"href":"https:\/\/prefeitura.santarosa.rs.gov.br\/index.php?rest_route=\/wp\/v2\/posts"}],"about":[{"href":"https:\/\/prefeitura.santarosa.rs.gov.br\/index.php?rest_route=\/wp\/v2\/types\/post"}],"author":[{"embeddable":true,"href":"https:\/\/prefeitura.santarosa.rs.gov.br\/index.php?rest_route=\/wp\/v2\/users\/5"}],"replies":[{"embeddable":true,"href":"https:\/\/prefeitura.santarosa.rs.gov.br\/index.php?rest_route=%2Fwp%2Fv2%2Fcomments&post=5544"}],"version-history":[{"count":1,"href":"https:\/\/prefeitura.santarosa.rs.gov.br\/index.php?rest_route=\/wp\/v2\/posts\/5544\/revisions"}],"predecessor-version":[{"id":5547,"href":"https:\/\/prefeitura.santarosa.rs.gov.br\/index.php?rest_route=\/wp\/v2\/posts\/5544\/revisions\/5547"}],"wp:featuredmedia":[{"embeddable":true,"href":"https:\/\/prefeitura.santarosa.rs.gov.br\/index.php?rest_route=\/wp\/v2\/media\/5546"}],"wp:attachment":[{"href":"https:\/\/prefeitura.santarosa.rs.gov.br\/index.php?rest_route=%2Fwp%2Fv2%2Fmedia&parent=5544"}],"wp:term":[{"taxonomy":"category","embeddable":true,"href":"https:\/\/prefeitura.santarosa.rs.gov.br\/index.php?rest_route=%2Fwp%2Fv2%2Fcategories&post=5544"},{"taxonomy":"post_tag","embeddable":true,"href":"https:\/\/prefeitura.santarosa.rs.gov.br\/index.php?rest_route=%2Fwp%2Fv2%2Ftags&post=5544"}],"curies":[{"name":"wp","href":"https:\/\/api.w.org\/{rel}","templated":true}]}}