{"id":5504,"date":"2022-12-20T16:03:32","date_gmt":"2022-12-20T19:03:32","guid":{"rendered":"https:\/\/prefeitura.santarosa.rs.gov.br\/?p=5504"},"modified":"2024-10-07T09:53:49","modified_gmt":"2024-10-07T12:53:49","slug":"santa-rosa-recebe-habilitacao-para-atuar-como-centro-de-atendimento-de-urgencia-aos-pacientes-com-avc","status":"publish","type":"post","link":"https:\/\/prefeitura.santarosa.rs.gov.br\/?p=5504","title":{"rendered":"Santa Rosa recebe habilita\u00e7\u00e3o para atuar como Centro de Atendimento de Urg\u00eancia aos pacientes com AVC"},"content":{"rendered":"\n<figure class=\"wp-block-image size-full\"><img fetchpriority=\"high\" decoding=\"async\" width=\"860\" height=\"645\" src=\"https:\/\/prefeitura.santarosa.rs.gov.br\/wp-content\/uploads\/2022\/12\/Formato-Site-e-Portal-860X645-JPG-2022-12-20T154015.099.jpg\" alt=\"\" class=\"wp-image-5505\" srcset=\"https:\/\/prefeitura.santarosa.rs.gov.br\/wp-content\/uploads\/2022\/12\/Formato-Site-e-Portal-860X645-JPG-2022-12-20T154015.099.jpg 860w, https:\/\/prefeitura.santarosa.rs.gov.br\/wp-content\/uploads\/2022\/12\/Formato-Site-e-Portal-860X645-JPG-2022-12-20T154015.099-300x225.jpg 300w, https:\/\/prefeitura.santarosa.rs.gov.br\/wp-content\/uploads\/2022\/12\/Formato-Site-e-Portal-860X645-JPG-2022-12-20T154015.099-768x576.jpg 768w\" sizes=\"(max-width: 860px) 100vw, 860px\" \/><\/figure>\n\n\n\n<p>Santa Rosa teve neste m\u00eas de dezembro, mais uma importante conquista. O munic\u00edpio foi habilitado pelo Minist\u00e9rio da Sa\u00fade como Centro de Atendimento de Urg\u00eancia aos Pacientes com Acidente Vascular Cerebral (AVC). Na \u00faltima semana em Bras\u00edlia, o Prefeito Anderson Mantei e a Diretora do Hospital Vida e Sa\u00fade, Vanderli de Barros, estiveram em uma audi\u00eancia com o Ministro da Sa\u00fade, Marcelo Queiroga Lopes, para garantir os recursos necess\u00e1rios para a implementa\u00e7\u00e3o do servi\u00e7o. A aprova\u00e7\u00e3o veio ap\u00f3s um per\u00edodo de espera de cinco anos. Depois de muitos cadastros e exig\u00eancias realizadas pelo MS, o munic\u00edpio conta agora, com mais este diferencial, que vai trazer mais qualidade de vida para os santa-rosenses.<\/p>\n\n\n\n<p>O Acidente Vascular Cerebral (AVC), \u00e9 uma das principais causas de incapacidade e \u00f3bitos no Brasil, superando at\u00e9 mesmo os \u00edndices de infarto e da COVID-19. Em poucos minutos, tudo muda. Por isso, estar em uma cidade que \u00e9 habilitada para este tipo de atendimento, faz toda a diferen\u00e7a. \u201cEstamos muito contentes pelo \u00eaxito do projeto, pois \u00e9 um servi\u00e7o que agrega muito na sa\u00fade p\u00fablica do munic\u00edpio. A partir de agora, vamos conseguir atender melhor os pacientes que passam por um AVC. Esta habilita\u00e7\u00e3o \u00e9 uma grande conquista para n\u00f3s. Vamos conseguir salvar vidas n\u00e3o s\u00f3 dos santa-rosenses, mas tamb\u00e9m, de toda a popula\u00e7\u00e3o da regi\u00e3o\u201d, destacou Anderson.<\/p>\n\n\n\n<p>De acordo com o Portal da Transpar\u00eancia de Registro Civil, o Brasil teve at\u00e9 novembro deste ano, 99.821 mortes em decorr\u00eancia do Acidente Vascular Cerebral. No mesmo per\u00edodo, foram contabilizados 7.185 \u00f3bitos com esta causa no Rio Grande do Sul. Os Centros de Atendimento de Urg\u00eancia aos Pacientes com AVC s\u00e3o unidades de interna\u00e7\u00e3o com recursos e equipe t\u00e9cnica qualificada para realizar os tratamentos do AVC Isqu\u00eamico Agudo com uso de trombol\u00edtico e\/ou Hemorr\u00e1gico Agudo. Na visita em Bras\u00edlia, o prefeito e a diretora tamb\u00e9m aproveitaram a oportunidade, para tratar sobre o servi\u00e7o de hemodin\u00e2mica para Santa Rosa.<\/p>\n","protected":false},"excerpt":{"rendered":"<p>Santa Rosa teve neste m\u00eas de dezembro, mais uma importante conquista. O munic\u00edpio foi habilitado pelo Minist\u00e9rio da Sa\u00fade como<\/p>\n","protected":false},"author":6,"featured_media":5506,"comment_status":"closed","ping_status":"closed","sticky":false,"template":"","format":"standard","meta":{"footnotes":""},"categories":[4,8,3],"tags":[],"class_list":["post-5504","post","type-post","status-publish","format-standard","has-post-thumbnail","hentry","category-noticias","category-noticias-fumssar","category-gabinete-do-prefeito"],"aioseo_notices":[],"_links":{"self":[{"href":"https:\/\/prefeitura.santarosa.rs.gov.br\/index.php?rest_route=\/wp\/v2\/posts\/5504","targetHints":{"allow":["GET"]}}],"collection":[{"href":"https:\/\/prefeitura.santarosa.rs.gov.br\/index.php?rest_route=\/wp\/v2\/posts"}],"about":[{"href":"https:\/\/prefeitura.santarosa.rs.gov.br\/index.php?rest_route=\/wp\/v2\/types\/post"}],"author":[{"embeddable":true,"href":"https:\/\/prefeitura.santarosa.rs.gov.br\/index.php?rest_route=\/wp\/v2\/users\/6"}],"replies":[{"embeddable":true,"href":"https:\/\/prefeitura.santarosa.rs.gov.br\/index.php?rest_route=%2Fwp%2Fv2%2Fcomments&post=5504"}],"version-history":[{"count":1,"href":"https:\/\/prefeitura.santarosa.rs.gov.br\/index.php?rest_route=\/wp\/v2\/posts\/5504\/revisions"}],"predecessor-version":[{"id":5507,"href":"https:\/\/prefeitura.santarosa.rs.gov.br\/index.php?rest_route=\/wp\/v2\/posts\/5504\/revisions\/5507"}],"wp:featuredmedia":[{"embeddable":true,"href":"https:\/\/prefeitura.santarosa.rs.gov.br\/index.php?rest_route=\/wp\/v2\/media\/5506"}],"wp:attachment":[{"href":"https:\/\/prefeitura.santarosa.rs.gov.br\/index.php?rest_route=%2Fwp%2Fv2%2Fmedia&parent=5504"}],"wp:term":[{"taxonomy":"category","embeddable":true,"href":"https:\/\/prefeitura.santarosa.rs.gov.br\/index.php?rest_route=%2Fwp%2Fv2%2Fcategories&post=5504"},{"taxonomy":"post_tag","embeddable":true,"href":"https:\/\/prefeitura.santarosa.rs.gov.br\/index.php?rest_route=%2Fwp%2Fv2%2Ftags&post=5504"}],"curies":[{"name":"wp","href":"https:\/\/api.w.org\/{rel}","templated":true}]}}