{"id":545,"date":"2021-12-21T07:49:00","date_gmt":"2021-12-21T10:49:00","guid":{"rendered":"https:\/\/prefeitura.santarosa.rs.gov.br\/?p=545"},"modified":"2024-10-07T09:54:41","modified_gmt":"2024-10-07T12:54:41","slug":"santa-rosa-realiza-campanha-vacina-ja-contra-a-covid-19","status":"publish","type":"post","link":"https:\/\/prefeitura.santarosa.rs.gov.br\/?p=545","title":{"rendered":"Santa Rosa realiza campanha \u201cVacina J\u00e1\u201d &#8211; contra a COVID-19"},"content":{"rendered":"\n<p>Al\u00e9m das doses realizadas pela Unidade M\u00f3vel no per\u00edodo noturno, a vacina\u00e7\u00e3o continua dispon\u00edvel diariamente de segunda a sexta-feira, das 07h30 \u00e0s 11h00 e das 13h30 \u00e0s 17h00 na Central de Vacinas da FUMSSAR e na UBS Pereira. <a href=\"https:\/\/www.santarosa.rs.gov.br\/imagens\/noticias\/2021122175113663.jpg\"><\/a><\/p>\n\n\n\n<p>A Funda\u00e7\u00e3o Municipal de Sa\u00fade de Santa Rosa informa que durante esta semana, de segunda \u00e0 quinta-feira, dos dias 20 a 23 vai ser realizada uma campanha de vacina\u00e7\u00e3o contra a COVID-19. A campanha \u201cVacina J\u00e1: \u00e9 hora de se proteger\u201d vai acontecer todas as noites, das 18h30 \u00e0s 21h30, na Pra\u00e7a da Bandeira. A aplica\u00e7\u00e3o n\u00e3o precisa ser agendada previamente, o atendimento vai ocorrer por ordem de chegada. V\u00e3o ser realizadas todas as doses: dose um (D1), dose dois (D2) e a dose de refor\u00e7o (DR). Outra informa\u00e7\u00e3o importante \u00e9 que o intervalo para a realiza\u00e7\u00e3o da dose de refor\u00e7o dos imunizantes: Coronavac, AstraZeneca e Pfizer passou a ser de 4 meses ap\u00f3s a segunda dose. Quanto \u00e0 dose de refor\u00e7o da Janssen, a FUMSSAR vai entrar em contato com o p\u00fablico alvo e agendar a aplica\u00e7\u00e3o.<\/p>\n\n\n\n<p>Al\u00e9m das doses realizadas pela Unidade M\u00f3vel no per\u00edodo noturno, a vacina\u00e7\u00e3o continua dispon\u00edvel diariamente de segunda a sexta-feira, das 07h30 \u00e0s 11h00 e das 13h30 \u00e0s 17h00 na Central de Vacinas da FUMSSAR e na UBS Pereira. A Central de Vacina\u00e7\u00e3o da FUMSSAR fica localizada na Rua Dr. Francisco Timm, 480 centro, no subsolo (entrada pela lateral) e a UBS Pereira, na Rua Augusto Pestana, 338, Pereira (entrada pela lateral). As primeiras doses (D1) v\u00e3o ser realizadas, por faixa et\u00e1ria, para pessoas a partir dos 12 anos. As segundas doses (D2) de Coronavac s\u00e3o realizadas ap\u00f3s 28 dias da primeira dose. Astrazeneca e Pfizer, ap\u00f3s oito semanas da primeira aplica\u00e7\u00e3o. As doses de refor\u00e7o (DR) est\u00e3o dispon\u00edveis para pessoas acima de 18 anos que realizaram a segunda dose h\u00e1 04 meses. No caso do imunizante da Janssen, a Dose de Refor\u00e7o \u00e9 realizada com um intervalo de 2 a 6 meses ap\u00f3s a primeira dose. Os moradores de Santa Rosa que forem se vacinar precisam levar documento com foto, CPF, cart\u00e3o SUS e a caderneta de vacina\u00e7\u00e3o. Os jovens a partir de 14 anos, precisam ir acompanhados dos pais ou respons\u00e1vel legal.<\/p>\n\n\n\n<p>At\u00e9 o momento, j\u00e1 foram realizadas 128.047 vacinas. Do total, 61.398 foram de D1 (Primeira Dose), essa quantidade corresponde a 83% da popula\u00e7\u00e3o vacinada, 54.358 de D2 (Segunda Dose) e 2.264 de Janssen, sendo assim temos 56.622 pessoas com a imuniza\u00e7\u00e3o completa, 77% dos santa-rosenses. Al\u00e9m disso, j\u00e1 foram aplicadas tamb\u00e9m, 10.027 Doses de Refor\u00e7o (DR).<\/p>\n","protected":false},"excerpt":{"rendered":"<p>Al\u00e9m das doses realizadas pela Unidade M\u00f3vel no per\u00edodo noturno, a vacina\u00e7\u00e3o continua dispon\u00edvel diariamente de segunda a sexta-feira, das<\/p>\n","protected":false},"author":3,"featured_media":548,"comment_status":"open","ping_status":"open","sticky":false,"template":"","format":"standard","meta":{"footnotes":""},"categories":[4,8],"tags":[],"class_list":["post-545","post","type-post","status-publish","format-standard","has-post-thumbnail","hentry","category-noticias","category-noticias-fumssar"],"aioseo_notices":[],"_links":{"self":[{"href":"https:\/\/prefeitura.santarosa.rs.gov.br\/index.php?rest_route=\/wp\/v2\/posts\/545","targetHints":{"allow":["GET"]}}],"collection":[{"href":"https:\/\/prefeitura.santarosa.rs.gov.br\/index.php?rest_route=\/wp\/v2\/posts"}],"about":[{"href":"https:\/\/prefeitura.santarosa.rs.gov.br\/index.php?rest_route=\/wp\/v2\/types\/post"}],"author":[{"embeddable":true,"href":"https:\/\/prefeitura.santarosa.rs.gov.br\/index.php?rest_route=\/wp\/v2\/users\/3"}],"replies":[{"embeddable":true,"href":"https:\/\/prefeitura.santarosa.rs.gov.br\/index.php?rest_route=%2Fwp%2Fv2%2Fcomments&post=545"}],"version-history":[{"count":1,"href":"https:\/\/prefeitura.santarosa.rs.gov.br\/index.php?rest_route=\/wp\/v2\/posts\/545\/revisions"}],"predecessor-version":[{"id":549,"href":"https:\/\/prefeitura.santarosa.rs.gov.br\/index.php?rest_route=\/wp\/v2\/posts\/545\/revisions\/549"}],"wp:featuredmedia":[{"embeddable":true,"href":"https:\/\/prefeitura.santarosa.rs.gov.br\/index.php?rest_route=\/wp\/v2\/media\/548"}],"wp:attachment":[{"href":"https:\/\/prefeitura.santarosa.rs.gov.br\/index.php?rest_route=%2Fwp%2Fv2%2Fmedia&parent=545"}],"wp:term":[{"taxonomy":"category","embeddable":true,"href":"https:\/\/prefeitura.santarosa.rs.gov.br\/index.php?rest_route=%2Fwp%2Fv2%2Fcategories&post=545"},{"taxonomy":"post_tag","embeddable":true,"href":"https:\/\/prefeitura.santarosa.rs.gov.br\/index.php?rest_route=%2Fwp%2Fv2%2Ftags&post=545"}],"curies":[{"name":"wp","href":"https:\/\/api.w.org\/{rel}","templated":true}]}}