{"id":5448,"date":"2022-12-12T16:37:55","date_gmt":"2022-12-12T19:37:55","guid":{"rendered":"https:\/\/prefeitura.santarosa.rs.gov.br\/?p=5448"},"modified":"2024-10-07T09:53:50","modified_gmt":"2024-10-07T12:53:50","slug":"220-novas-vagas-foram-criadas-na-educacao-infantil-em-02-anos-de-governo","status":"publish","type":"post","link":"https:\/\/prefeitura.santarosa.rs.gov.br\/?p=5448","title":{"rendered":"220 novas vagas foram criadas na Educa\u00e7\u00e3o Infantil em 02 anos de governo"},"content":{"rendered":"\n<figure class=\"wp-block-image size-full\"><img fetchpriority=\"high\" decoding=\"async\" width=\"860\" height=\"645\" src=\"https:\/\/prefeitura.santarosa.rs.gov.br\/wp-content\/uploads\/2022\/12\/Formato-Site-e-Portal-860X645-JPG-2022-12-12T163609.093.jpg\" alt=\"\" class=\"wp-image-5449\" srcset=\"https:\/\/prefeitura.santarosa.rs.gov.br\/wp-content\/uploads\/2022\/12\/Formato-Site-e-Portal-860X645-JPG-2022-12-12T163609.093.jpg 860w, https:\/\/prefeitura.santarosa.rs.gov.br\/wp-content\/uploads\/2022\/12\/Formato-Site-e-Portal-860X645-JPG-2022-12-12T163609.093-300x225.jpg 300w, https:\/\/prefeitura.santarosa.rs.gov.br\/wp-content\/uploads\/2022\/12\/Formato-Site-e-Portal-860X645-JPG-2022-12-12T163609.093-768x576.jpg 768w\" sizes=\"(max-width: 860px) 100vw, 860px\" \/><\/figure>\n\n\n\n<p>Para atender a comunidade santa-rosense e garantir o compromisso com a Educa\u00e7\u00e3o B\u00e1sica, a Prefeitura de Santa Rosa tem investido em melhorias para a Educa\u00e7\u00e3o Infantil. Desde o in\u00edcio da Administra\u00e7\u00e3o atual, foram criadas 220 novas vagas pelo governo. Dessa forma, com a reorganiza\u00e7\u00e3o dos espa\u00e7os, o munic\u00edpio abriu 12 novas turmas para o atendimento. Atrav\u00e9s do Planejamento Estrat\u00e9gico da Gest\u00e3o, novas metas e projetos est\u00e3o sendo estabelecidos para qualificar ainda mais o servi\u00e7o.<\/p>\n\n\n\n<p>Santa Rosa conta com 20 EMEIs &#8211; Escolas Municipais de Educa\u00e7\u00e3o Infantil que atendem 3.200 crian\u00e7as, em turmas de ber\u00e7\u00e1rio, maternal e pr\u00e9-escola. Para auxiliar no gerenciamento e distribui\u00e7\u00e3o das vagas, assim como facilitar o acesso \u00e0s inscri\u00e7\u00f5es, o Governo Municipal implementou em janeiro deste ano, a Central de Vagas. Um servi\u00e7o online, que permite aos pais ou respons\u00e1veis, realizarem a inscri\u00e7\u00e3o para as turmas de Ber\u00e7\u00e1rio e Maternal (04 meses a 04 anos incompletos) da Rede Municipal de Ensino. A Secret\u00e1ria de Educa\u00e7\u00e3o e Cultura, Lires Zimmermann, explica que a Central de Vagas \u00e9 uma ferramenta que contribui para agilizar o processo de matr\u00edcula, \u201cEstamos conseguindo com estrat\u00e9gias, reduzir consideravelmente a fila de espera na Educa\u00e7\u00e3o Infantil. Temos novos projetos em andamento, que v\u00e3o trazer um significativo avan\u00e7o na oferta de vagas em Santa Rosa. Tudo isso, para proporcionar uma educa\u00e7\u00e3o de qualidade e o desenvolvimento integral das nossas crian\u00e7as\u201d.\u00a0<\/p>\n\n\n\n<p>A proje\u00e7\u00e3o para 2023, \u00e9 a abertura de cerca de 639 novas vagas na Educa\u00e7\u00e3o Infantil de Santa Rosa. Sendo que destas, 559 v\u00e3o ser disponibilizadas a partir das 03 novas escolas que est\u00e3o em constru\u00e7\u00e3o no munic\u00edpio, com previs\u00e3o de inaugura\u00e7\u00e3o para o pr\u00f3ximo ano letivo. S\u00e3o elas: EMEI Andressa Ferreira \u2013 Sulina, EMEI Paulo Freire &#8211; Vila Pereira e EMEI S\u00e3o Francisco &#8211; S\u00e3o Francisco. Mais de R$ 11,8 milh\u00f5es est\u00e3o sendo investidos nesses tr\u00eas grandes projetos. Tamb\u00e9m h\u00e1 a possibilidade da amplia\u00e7\u00e3o de mais 80 novas vagas para as turmas de 04 e 05 anos, utilizando as Centrais de Pr\u00e9-Escola. O Prefeito Anderson Mantei, destaca que as medidas visam garantir que fam\u00edlias que at\u00e9 ent\u00e3o aguardavam na fila de espera por uma vaga, tenham a possibilidade de atendimento j\u00e1 em 2023, \u201cEsta \u00e9 uma promessa de campanha que estamos cumprindo. Conseguimos avan\u00e7ar muito na amplia\u00e7\u00e3o das vagas e vamos seguir investindo na \u00e1rea da educa\u00e7\u00e3o, que \u00e9 um dos nossos principais pilares de trabalho\u201d. A inscri\u00e7\u00e3o na Central de Vagas pode ser realizada no site da Prefeitura ou na recep\u00e7\u00e3o da SMEC &#8211; Secretaria Municipal de Educa\u00e7\u00e3o Infantil e pode ser alterada a qualquer momento.<\/p>\n","protected":false},"excerpt":{"rendered":"<p>Para atender a comunidade santa-rosense e garantir o compromisso com a Educa\u00e7\u00e3o B\u00e1sica, a Prefeitura de Santa Rosa tem investido<\/p>\n","protected":false},"author":6,"featured_media":5450,"comment_status":"closed","ping_status":"closed","sticky":false,"template":"","format":"standard","meta":{"footnotes":""},"categories":[4,18,3,9],"tags":[],"class_list":["post-5448","post","type-post","status-publish","format-standard","has-post-thumbnail","hentry","category-noticias","category-secretaria-municipal-de-educacao-e-cultura","category-gabinete-do-prefeito","category-gabinete-do-vice-prefeito"],"aioseo_notices":[],"_links":{"self":[{"href":"https:\/\/prefeitura.santarosa.rs.gov.br\/index.php?rest_route=\/wp\/v2\/posts\/5448","targetHints":{"allow":["GET"]}}],"collection":[{"href":"https:\/\/prefeitura.santarosa.rs.gov.br\/index.php?rest_route=\/wp\/v2\/posts"}],"about":[{"href":"https:\/\/prefeitura.santarosa.rs.gov.br\/index.php?rest_route=\/wp\/v2\/types\/post"}],"author":[{"embeddable":true,"href":"https:\/\/prefeitura.santarosa.rs.gov.br\/index.php?rest_route=\/wp\/v2\/users\/6"}],"replies":[{"embeddable":true,"href":"https:\/\/prefeitura.santarosa.rs.gov.br\/index.php?rest_route=%2Fwp%2Fv2%2Fcomments&post=5448"}],"version-history":[{"count":1,"href":"https:\/\/prefeitura.santarosa.rs.gov.br\/index.php?rest_route=\/wp\/v2\/posts\/5448\/revisions"}],"predecessor-version":[{"id":5451,"href":"https:\/\/prefeitura.santarosa.rs.gov.br\/index.php?rest_route=\/wp\/v2\/posts\/5448\/revisions\/5451"}],"wp:featuredmedia":[{"embeddable":true,"href":"https:\/\/prefeitura.santarosa.rs.gov.br\/index.php?rest_route=\/wp\/v2\/media\/5450"}],"wp:attachment":[{"href":"https:\/\/prefeitura.santarosa.rs.gov.br\/index.php?rest_route=%2Fwp%2Fv2%2Fmedia&parent=5448"}],"wp:term":[{"taxonomy":"category","embeddable":true,"href":"https:\/\/prefeitura.santarosa.rs.gov.br\/index.php?rest_route=%2Fwp%2Fv2%2Fcategories&post=5448"},{"taxonomy":"post_tag","embeddable":true,"href":"https:\/\/prefeitura.santarosa.rs.gov.br\/index.php?rest_route=%2Fwp%2Fv2%2Ftags&post=5448"}],"curies":[{"name":"wp","href":"https:\/\/api.w.org\/{rel}","templated":true}]}}