{"id":5444,"date":"2022-12-12T16:24:18","date_gmt":"2022-12-12T19:24:18","guid":{"rendered":"https:\/\/prefeitura.santarosa.rs.gov.br\/?p=5444"},"modified":"2024-10-07T09:53:50","modified_gmt":"2024-10-07T12:53:50","slug":"abertura-do-natal-encantado-santa-rosa-2022","status":"publish","type":"post","link":"https:\/\/prefeitura.santarosa.rs.gov.br\/?p=5444","title":{"rendered":"Abertura do Natal Encantado Santa Rosa 2022"},"content":{"rendered":"\n<figure class=\"wp-block-image size-full\"><img fetchpriority=\"high\" decoding=\"async\" width=\"860\" height=\"645\" src=\"https:\/\/prefeitura.santarosa.rs.gov.br\/wp-content\/uploads\/2022\/12\/Formato-Site-e-Portal-860X645-JPG-2022-12-12T162200.969.jpg\" alt=\"\" class=\"wp-image-5445\" srcset=\"https:\/\/prefeitura.santarosa.rs.gov.br\/wp-content\/uploads\/2022\/12\/Formato-Site-e-Portal-860X645-JPG-2022-12-12T162200.969.jpg 860w, https:\/\/prefeitura.santarosa.rs.gov.br\/wp-content\/uploads\/2022\/12\/Formato-Site-e-Portal-860X645-JPG-2022-12-12T162200.969-300x225.jpg 300w, https:\/\/prefeitura.santarosa.rs.gov.br\/wp-content\/uploads\/2022\/12\/Formato-Site-e-Portal-860X645-JPG-2022-12-12T162200.969-768x576.jpg 768w\" sizes=\"(max-width: 860px) 100vw, 860px\" \/><\/figure>\n\n\n\n<p>Aconteceu na noite deste&nbsp;domingo&nbsp;(11), a abertura oficial do&nbsp;Natal&nbsp;Encantado Santa Rosa 2022. O evento foi realizado no Centro Cultural Professor Fioravante Pedrazzani, em frente \u00e0 Pra\u00e7a da Bandeira. A festividade contou com apresenta\u00e7\u00f5es musicais e uma bela decora\u00e7\u00e3o natalina. A a\u00e7\u00e3o foi organizada pela Prefeitura de Santa Rosa, por meio da Secretaria de Educa\u00e7\u00e3o e Cultura, em parceria com institui\u00e7\u00f5es e empresas do munic\u00edpio. A proposta \u00e9 durante todo o m\u00eas&nbsp;de dezembro, atrav\u00e9s de diversas programa\u00e7\u00f5es, promover os sentimentos de uni\u00e3o, partilha e fraternidade.<\/p>\n\n\n\n<p>O grande destaque da noite, foi a chegada do Papai Noel, que foi recebido com muita alegria por todas as crian\u00e7as. O momento foi encantador e tamb\u00e9m contou com a participa\u00e7\u00e3o da Orquestra Jovem Santa Rosa, da Cia Ballezzitt e do grupo de dan\u00e7a da Escola Municipal de Ensino Fundamental Paul Harris. Na oportunidade, foi anunciado o in\u00edcio do hor\u00e1rio especial de&nbsp;natal&nbsp;do com\u00e9rcio e realizada a entrega da decora\u00e7\u00e3o natalina para a comunidade. A decora\u00e7\u00e3o da pra\u00e7a neste ano, teve o envolvimento de v\u00e1rios colaboradores. Al\u00e9m do investimento realizado pela prefeitura, por meio das secretarias de educa\u00e7\u00e3o e cultura, obras e desenvolvimento econ\u00f4mico, a a\u00e7\u00e3o contou com uma grande parceria volunt\u00e1ria, coordenada pelo presidente da Fenasoja 2022, Elias Dallalba. Institui\u00e7\u00f5es como: Acisap, Sindilojas, Indum\u00f3veis, Hortigranjeiros e empresas do munic\u00edpio, tamb\u00e9m contribu\u00edram com a realiza\u00e7\u00e3o do&nbsp;Natal&nbsp;Encantado. O Prefeito Aldemir Ulrich, destacou que esta \u00e9 uma \u00e9poca muito especial, de compartilhar momentos em fam\u00edlia e em comunidade, \u201cEstamos muito contentes de oficializar mais uma vez, a abertura da programa\u00e7\u00e3o de&nbsp;natal&nbsp;de Santa Rosa. Ver aqui, todo este trabalho realizado pela prefeitura em parceria com as empresas e institui\u00e7\u00f5es do munic\u00edpio, nos d\u00e1 uma alegria enorme e s\u00f3 reafirma o esp\u00edrito natalino e do voluntariado, que \u00e9 t\u00e3o forte na nossa cidade. Que possamos&nbsp;ter&nbsp;todos, um feliz&nbsp;natal&nbsp;e um aben\u00e7oado pr\u00f3ximo ano\u201d.<\/p>\n\n\n\n<p>Ap\u00f3s as apresenta\u00e7\u00f5es, surgiu na sacada do Centro Cultural, o Papai Noel. O bom velhinho foi recebido pelo Prefeito Aldemir Ulrich e pela Presidente da C\u00e2mara de Vereadores de Santa Rosa, Cl\u00e9o Brinhol, que entregaram a chave da cidade para ele, e o conduziram at\u00e9 o seu escrit\u00f3rio, a Vila Noel, no centro da pra\u00e7a. Logo ap\u00f3s, as crian\u00e7as tiraram fotos com o Papai Noel e aproveitaram a bel\u00edssima decora\u00e7\u00e3o de&nbsp;natal. Durante todo o m\u00eas&nbsp;de dezembro, diversas atra\u00e7\u00f5es como: shows musicais, concertos e apresenta\u00e7\u00f5es prometem muita divers\u00e3o a todos os santa-rosenses.&nbsp;A Casa do Noel vai estar aberta para visita\u00e7\u00e3o, do dia 12 at\u00e9 o dia 18, das 17h \u00e0s 21h. E do dia 19 at\u00e9 o dia 23, das 17h \u00e0s 22h. Nos dias 19, 20 22 e 23, o Papai Noel vai estar no local recebendo as crian\u00e7as, das 20h30min \u00e0s 22h30min. A programa\u00e7\u00e3o do&nbsp;Natal&nbsp;Encantado Santa Rosa 2022, pode ser conferida nas p\u00e1ginas oficiais da prefeitura.<\/p>\n","protected":false},"excerpt":{"rendered":"<p>Aconteceu na noite deste&nbsp;domingo&nbsp;(11), a abertura oficial do&nbsp;Natal&nbsp;Encantado Santa Rosa 2022. O evento foi realizado no Centro Cultural Professor Fioravante<\/p>\n","protected":false},"author":6,"featured_media":5446,"comment_status":"closed","ping_status":"closed","sticky":false,"template":"","format":"standard","meta":{"footnotes":""},"categories":[4,16,18,21],"tags":[],"class_list":["post-5444","post","type-post","status-publish","format-standard","has-post-thumbnail","hentry","category-noticias","category-secretaria-municipal-de-desenvolvimento-economico-turismo-e-tecnologia","category-secretaria-municipal-de-educacao-e-cultura","category-secretaria-municipal-de-obras"],"aioseo_notices":[],"_links":{"self":[{"href":"https:\/\/prefeitura.santarosa.rs.gov.br\/index.php?rest_route=\/wp\/v2\/posts\/5444","targetHints":{"allow":["GET"]}}],"collection":[{"href":"https:\/\/prefeitura.santarosa.rs.gov.br\/index.php?rest_route=\/wp\/v2\/posts"}],"about":[{"href":"https:\/\/prefeitura.santarosa.rs.gov.br\/index.php?rest_route=\/wp\/v2\/types\/post"}],"author":[{"embeddable":true,"href":"https:\/\/prefeitura.santarosa.rs.gov.br\/index.php?rest_route=\/wp\/v2\/users\/6"}],"replies":[{"embeddable":true,"href":"https:\/\/prefeitura.santarosa.rs.gov.br\/index.php?rest_route=%2Fwp%2Fv2%2Fcomments&post=5444"}],"version-history":[{"count":1,"href":"https:\/\/prefeitura.santarosa.rs.gov.br\/index.php?rest_route=\/wp\/v2\/posts\/5444\/revisions"}],"predecessor-version":[{"id":5447,"href":"https:\/\/prefeitura.santarosa.rs.gov.br\/index.php?rest_route=\/wp\/v2\/posts\/5444\/revisions\/5447"}],"wp:featuredmedia":[{"embeddable":true,"href":"https:\/\/prefeitura.santarosa.rs.gov.br\/index.php?rest_route=\/wp\/v2\/media\/5446"}],"wp:attachment":[{"href":"https:\/\/prefeitura.santarosa.rs.gov.br\/index.php?rest_route=%2Fwp%2Fv2%2Fmedia&parent=5444"}],"wp:term":[{"taxonomy":"category","embeddable":true,"href":"https:\/\/prefeitura.santarosa.rs.gov.br\/index.php?rest_route=%2Fwp%2Fv2%2Fcategories&post=5444"},{"taxonomy":"post_tag","embeddable":true,"href":"https:\/\/prefeitura.santarosa.rs.gov.br\/index.php?rest_route=%2Fwp%2Fv2%2Ftags&post=5444"}],"curies":[{"name":"wp","href":"https:\/\/api.w.org\/{rel}","templated":true}]}}