{"id":5440,"date":"2022-12-12T16:08:49","date_gmt":"2022-12-12T19:08:49","guid":{"rendered":"https:\/\/prefeitura.santarosa.rs.gov.br\/?p=5440"},"modified":"2024-10-07T09:53:50","modified_gmt":"2024-10-07T12:53:50","slug":"sucesso-na-2a-edicao-da-aprhofest","status":"publish","type":"post","link":"https:\/\/prefeitura.santarosa.rs.gov.br\/?p=5440","title":{"rendered":"Sucesso na 2\u00aa edi\u00e7\u00e3o da APRHOFEST"},"content":{"rendered":"\n<figure class=\"wp-block-image size-full\"><img fetchpriority=\"high\" decoding=\"async\" width=\"860\" height=\"645\" src=\"https:\/\/prefeitura.santarosa.rs.gov.br\/wp-content\/uploads\/2022\/12\/Formato-Site-e-Portal-860X645-JPG-2022-12-12T160317.460.jpg\" alt=\"\" class=\"wp-image-5441\" srcset=\"https:\/\/prefeitura.santarosa.rs.gov.br\/wp-content\/uploads\/2022\/12\/Formato-Site-e-Portal-860X645-JPG-2022-12-12T160317.460.jpg 860w, https:\/\/prefeitura.santarosa.rs.gov.br\/wp-content\/uploads\/2022\/12\/Formato-Site-e-Portal-860X645-JPG-2022-12-12T160317.460-300x225.jpg 300w, https:\/\/prefeitura.santarosa.rs.gov.br\/wp-content\/uploads\/2022\/12\/Formato-Site-e-Portal-860X645-JPG-2022-12-12T160317.460-768x576.jpg 768w\" sizes=\"(max-width: 860px) 100vw, 860px\" \/><\/figure>\n\n\n\n<p>A 2\u00aa edi\u00e7\u00e3o da APRHOFEST superou as expectativas. O evento promovido em parceria pela Prefeitura e pela Aprhorosa- Associa\u00e7\u00e3o dos Produtores de Hortigranjeiros de Santa Rosa, aconteceu de 09 a&nbsp;11 de dezembro, no Mercado P\u00fablico Eclair Moraginski. Durante os tr\u00eas dias de atividades, a festa recebeu cerca de cinco mil visitantes e foi um sucesso. A feira comercializou mais de R$ 100 mil. A a\u00e7\u00e3o contou com apresenta\u00e7\u00f5es musicais e atra\u00e7\u00f5es para toda a comunidade regional.<\/p>\n\n\n\n<p>Em meio a shows, gastronomia e artesanato, quem esteve na feira aproveitou para comprar os produtos locais e curtir a programa\u00e7\u00e3o. O Prefeito Aldemir Ulrich, destacou que a gest\u00e3o tem trabalhado para promover melhorias no Mercado P\u00fablico e assim, valorizar o trabalho dos produtores locais, \u201c\u00c9 muito bom poder estar aqui mais uma vez, nesta festa que valoriza as fam\u00edlias dos agricultores de Santa Rosa. Temos implementado diversas obras aqui no local, com o objetivo de melhorar a acessibilidade, o tr\u00e1fego de ve\u00edculos e assim, permitir que mais pessoas possam frequentar a feira durante o ano todo\u201d.<\/p>\n\n\n\n<p>Al\u00e9m dos associados da Aprhorosa, outros artes\u00e3os do munic\u00edpio tamb\u00e9m foram convidados para participar do evento. A Presidente da Aprhorosa, Ester Seide, tamb\u00e9m destacou a a\u00e7\u00e3o, \u201cA feira foi muito positiva, novos clientes vieram conhecer nossos produtos e tivemos visitantes de toda a regi\u00e3o. Estamos muito contentes, o resultado foi excelente\u201d. Neste ano, a feira tamb\u00e9m contou com um orquid\u00e1rio e a comercializa\u00e7\u00e3o de outra flores, como brom\u00e9lias. Ao todo, 52 expositores locais participaram da festividade.<\/p>\n","protected":false},"excerpt":{"rendered":"<p>A 2\u00aa edi\u00e7\u00e3o da APRHOFEST superou as expectativas. O evento promovido em parceria pela Prefeitura e pela Aprhorosa- Associa\u00e7\u00e3o dos<\/p>\n","protected":false},"author":6,"featured_media":5442,"comment_status":"closed","ping_status":"closed","sticky":false,"template":"","format":"standard","meta":{"footnotes":""},"categories":[4,14,16],"tags":[],"class_list":["post-5440","post","type-post","status-publish","format-standard","has-post-thumbnail","hentry","category-noticias","category-secretaria-municipal-de-agricultura","category-secretaria-municipal-de-desenvolvimento-economico-turismo-e-tecnologia"],"aioseo_notices":[],"_links":{"self":[{"href":"https:\/\/prefeitura.santarosa.rs.gov.br\/index.php?rest_route=\/wp\/v2\/posts\/5440","targetHints":{"allow":["GET"]}}],"collection":[{"href":"https:\/\/prefeitura.santarosa.rs.gov.br\/index.php?rest_route=\/wp\/v2\/posts"}],"about":[{"href":"https:\/\/prefeitura.santarosa.rs.gov.br\/index.php?rest_route=\/wp\/v2\/types\/post"}],"author":[{"embeddable":true,"href":"https:\/\/prefeitura.santarosa.rs.gov.br\/index.php?rest_route=\/wp\/v2\/users\/6"}],"replies":[{"embeddable":true,"href":"https:\/\/prefeitura.santarosa.rs.gov.br\/index.php?rest_route=%2Fwp%2Fv2%2Fcomments&post=5440"}],"version-history":[{"count":1,"href":"https:\/\/prefeitura.santarosa.rs.gov.br\/index.php?rest_route=\/wp\/v2\/posts\/5440\/revisions"}],"predecessor-version":[{"id":5443,"href":"https:\/\/prefeitura.santarosa.rs.gov.br\/index.php?rest_route=\/wp\/v2\/posts\/5440\/revisions\/5443"}],"wp:featuredmedia":[{"embeddable":true,"href":"https:\/\/prefeitura.santarosa.rs.gov.br\/index.php?rest_route=\/wp\/v2\/media\/5442"}],"wp:attachment":[{"href":"https:\/\/prefeitura.santarosa.rs.gov.br\/index.php?rest_route=%2Fwp%2Fv2%2Fmedia&parent=5440"}],"wp:term":[{"taxonomy":"category","embeddable":true,"href":"https:\/\/prefeitura.santarosa.rs.gov.br\/index.php?rest_route=%2Fwp%2Fv2%2Fcategories&post=5440"},{"taxonomy":"post_tag","embeddable":true,"href":"https:\/\/prefeitura.santarosa.rs.gov.br\/index.php?rest_route=%2Fwp%2Fv2%2Ftags&post=5440"}],"curies":[{"name":"wp","href":"https:\/\/api.w.org\/{rel}","templated":true}]}}