{"id":5428,"date":"2022-12-08T16:40:31","date_gmt":"2022-12-08T19:40:31","guid":{"rendered":"https:\/\/prefeitura.santarosa.rs.gov.br\/?p=5428"},"modified":"2024-10-07T09:53:50","modified_gmt":"2024-10-07T12:53:50","slug":"obra-de-ampliacao-da-ubs-cruzeiro-esta-na-fase-final","status":"publish","type":"post","link":"https:\/\/prefeitura.santarosa.rs.gov.br\/?p=5428","title":{"rendered":"Obra de amplia\u00e7\u00e3o da UBS Cruzeiro est\u00e1 na fase final"},"content":{"rendered":"\n<figure class=\"wp-block-image size-full\"><img fetchpriority=\"high\" decoding=\"async\" width=\"860\" height=\"645\" src=\"https:\/\/prefeitura.santarosa.rs.gov.br\/wp-content\/uploads\/2022\/12\/Formato-Site-e-Portal-860X645-JPG-2022-12-08T163817.099.jpg\" alt=\"\" class=\"wp-image-5429\" srcset=\"https:\/\/prefeitura.santarosa.rs.gov.br\/wp-content\/uploads\/2022\/12\/Formato-Site-e-Portal-860X645-JPG-2022-12-08T163817.099.jpg 860w, https:\/\/prefeitura.santarosa.rs.gov.br\/wp-content\/uploads\/2022\/12\/Formato-Site-e-Portal-860X645-JPG-2022-12-08T163817.099-300x225.jpg 300w, https:\/\/prefeitura.santarosa.rs.gov.br\/wp-content\/uploads\/2022\/12\/Formato-Site-e-Portal-860X645-JPG-2022-12-08T163817.099-768x576.jpg 768w\" sizes=\"(max-width: 860px) 100vw, 860px\" \/><\/figure>\n\n\n\n<p>Para melhor atender a comunidade do bairro Cruzeiro, com os servi\u00e7os de sa\u00fade, a Prefeitura de Santa Rosa e a FUMSSAR iniciaram neste ano, a obra de amplia\u00e7\u00e3o da Unidade B\u00e1sica de Sa\u00fade de Cruzeiro. A constru\u00e7\u00e3o est\u00e1 na fase final de execu\u00e7\u00e3o, com cerca de 85% da obra conclu\u00edda. Est\u00e3o sendo ampliados 212,52 m\u00b2 de \u00e1rea da UBS. A previs\u00e3o \u00e9 que o novo espa\u00e7o seja inaugurado no prazo de 30 dias.<\/p>\n\n\n\n<p>O projeto contempla a constru\u00e7\u00e3o de um novo pavimento com: 03 consult\u00f3rios, 02 salas de atendimentos para grupos, copa, dep\u00f3sito, recep\u00e7\u00e3o e 02 banheiros. No momento, est\u00e3o sendo realizados os servi\u00e7os de finaliza\u00e7\u00e3o das instala\u00e7\u00f5es el\u00e9tricas, acabamento e pintura. O Presidente da FUMSSAR, D\u00e9lcio Stefan, destaca a import\u00e2ncia da obra para a comunidade, \u201cEstamos muito contentes com esta amplia\u00e7\u00e3o que vai ser realizada na UBS Cruzeiro. Este \u00e9 um dos maiores bairros da nossa cidade e que agora, ser\u00e1 contemplado com esta obra que vai trazer muitos benef\u00edcios e melhor atender a popula\u00e7\u00e3o\u201d. O valor total do investimento \u00e9 de R$373.554,21, sendo, R$350.000,00 de Recurso Estadual \u2013 Rede Bem Cuidar RS e R$23.554,21 de Recurso Livre destinado para A\u00e7\u00f5es e Servi\u00e7os P\u00fablicos de Sa\u00fade \u2013 ASPS.<\/p>\n","protected":false},"excerpt":{"rendered":"<p>Para melhor atender a comunidade do bairro Cruzeiro, com os servi\u00e7os de sa\u00fade, a Prefeitura de Santa Rosa e a<\/p>\n","protected":false},"author":6,"featured_media":5430,"comment_status":"closed","ping_status":"closed","sticky":false,"template":"","format":"standard","meta":{"footnotes":""},"categories":[4,8],"tags":[],"class_list":["post-5428","post","type-post","status-publish","format-standard","has-post-thumbnail","hentry","category-noticias","category-noticias-fumssar"],"aioseo_notices":[],"_links":{"self":[{"href":"https:\/\/prefeitura.santarosa.rs.gov.br\/index.php?rest_route=\/wp\/v2\/posts\/5428","targetHints":{"allow":["GET"]}}],"collection":[{"href":"https:\/\/prefeitura.santarosa.rs.gov.br\/index.php?rest_route=\/wp\/v2\/posts"}],"about":[{"href":"https:\/\/prefeitura.santarosa.rs.gov.br\/index.php?rest_route=\/wp\/v2\/types\/post"}],"author":[{"embeddable":true,"href":"https:\/\/prefeitura.santarosa.rs.gov.br\/index.php?rest_route=\/wp\/v2\/users\/6"}],"replies":[{"embeddable":true,"href":"https:\/\/prefeitura.santarosa.rs.gov.br\/index.php?rest_route=%2Fwp%2Fv2%2Fcomments&post=5428"}],"version-history":[{"count":1,"href":"https:\/\/prefeitura.santarosa.rs.gov.br\/index.php?rest_route=\/wp\/v2\/posts\/5428\/revisions"}],"predecessor-version":[{"id":5431,"href":"https:\/\/prefeitura.santarosa.rs.gov.br\/index.php?rest_route=\/wp\/v2\/posts\/5428\/revisions\/5431"}],"wp:featuredmedia":[{"embeddable":true,"href":"https:\/\/prefeitura.santarosa.rs.gov.br\/index.php?rest_route=\/wp\/v2\/media\/5430"}],"wp:attachment":[{"href":"https:\/\/prefeitura.santarosa.rs.gov.br\/index.php?rest_route=%2Fwp%2Fv2%2Fmedia&parent=5428"}],"wp:term":[{"taxonomy":"category","embeddable":true,"href":"https:\/\/prefeitura.santarosa.rs.gov.br\/index.php?rest_route=%2Fwp%2Fv2%2Fcategories&post=5428"},{"taxonomy":"post_tag","embeddable":true,"href":"https:\/\/prefeitura.santarosa.rs.gov.br\/index.php?rest_route=%2Fwp%2Fv2%2Ftags&post=5428"}],"curies":[{"name":"wp","href":"https:\/\/api.w.org\/{rel}","templated":true}]}}