{"id":5284,"date":"2022-11-23T16:01:44","date_gmt":"2022-11-23T19:01:44","guid":{"rendered":"https:\/\/prefeitura.santarosa.rs.gov.br\/?p=5284"},"modified":"2024-10-07T09:53:50","modified_gmt":"2024-10-07T12:53:50","slug":"informativo-6","status":"publish","type":"post","link":"https:\/\/prefeitura.santarosa.rs.gov.br\/?p=5284","title":{"rendered":"INFORMATIVO"},"content":{"rendered":"\n<p><br>COVID-19:Confira as datas de aplica\u00e7\u00e3o da vacina contra a COVID-19<br><\/p>\n\n\n\n<p>Nesta\u00a0quarta-feira (23), acontece a imuniza\u00e7\u00e3o contra a COVID-19. O atendimento vai at\u00e9 \u00e0s 17h na Unidade B\u00e1sica de Sa\u00fade do Centro. V\u00e3o estar dispon\u00edveis todas as doses, a partir dos 03 anos de idade.<br>As crian\u00e7as e adolescentes que forem se vacinar, precisam ir acompanhadas dos pais ou respons\u00e1veis. Para se vacinar, \u00e9 preciso levar documento com foto, CPF e a caderneta de vacina\u00e7\u00e3o. A UBS do Centro fica localizada na Rua Buenos Aires, 40 \u2013 centro. O pr\u00f3ximo dia de aplica\u00e7\u00e3o vai ser na\u00a0segunda-feira (28), das18h30min \u00e0s 21h30min. Confira no site da FUMSSAR, as faixas et\u00e1rias e o intervalo entre as doses.<\/p>\n\n\n\n<p>DENGUE:<\/p>\n\n\n\n<p><br>A FUMSSAR registrou nesta semana, o primeiro caso positivo de Dengue no munic\u00edpio. A verifica\u00e7\u00e3o veio a partir de um teste-r\u00e1pido, que poder\u00e1 ser confirmado ou n\u00e3o, via laborat\u00f3rio. O clima quente oferece uma condi\u00e7\u00e3o prop\u00edcia para o aumento da prolifera\u00e7\u00e3o de focos do mosquito Aedes Aegypti, transmissor da Dengue, Zika v\u00edrus e Chikungunya. Dessa forma, os profissionais que atuam no combate \u00e0 doen\u00e7a, orientam a popula\u00e7\u00e3o para que n\u00e3o deixe \u00e1gua parada e fa\u00e7a uso do repelente. Caso sejam observados sintomas, \u00e9 necess\u00e1rio manter a hidrata\u00e7\u00e3o e procurar a Unidade B\u00e1sica de Sa\u00fade de refer\u00eancia. A equipe de Vigil\u00e2ncia em Sa\u00fade da Funda\u00e7\u00e3o intensificou o trabalho de conscientiza\u00e7\u00e3o no combate \u00e0 Dengue. Diversas a\u00e7\u00f5es est\u00e3o sendo realizadas em toda a cidade, para a preven\u00e7\u00e3o da doen\u00e7a.<\/p>\n\n\n\n<figure class=\"wp-block-image size-full\"><img fetchpriority=\"high\" decoding=\"async\" width=\"860\" height=\"645\" src=\"https:\/\/prefeitura.santarosa.rs.gov.br\/wp-content\/uploads\/2022\/11\/Formato-Site-e-Portal-860X645-JPG-36.jpg\" alt=\"\" class=\"wp-image-5285\" srcset=\"https:\/\/prefeitura.santarosa.rs.gov.br\/wp-content\/uploads\/2022\/11\/Formato-Site-e-Portal-860X645-JPG-36.jpg 860w, https:\/\/prefeitura.santarosa.rs.gov.br\/wp-content\/uploads\/2022\/11\/Formato-Site-e-Portal-860X645-JPG-36-300x225.jpg 300w, https:\/\/prefeitura.santarosa.rs.gov.br\/wp-content\/uploads\/2022\/11\/Formato-Site-e-Portal-860X645-JPG-36-768x576.jpg 768w\" sizes=\"(max-width: 860px) 100vw, 860px\" \/><\/figure>\n","protected":false},"excerpt":{"rendered":"<p>COVID-19:Confira as datas de aplica\u00e7\u00e3o da vacina contra a COVID-19 Nesta\u00a0quarta-feira (23), acontece a imuniza\u00e7\u00e3o contra a COVID-19. O atendimento<\/p>\n","protected":false},"author":5,"featured_media":5285,"comment_status":"open","ping_status":"open","sticky":false,"template":"","format":"standard","meta":{"footnotes":""},"categories":[4,8],"tags":[],"class_list":["post-5284","post","type-post","status-publish","format-standard","has-post-thumbnail","hentry","category-noticias","category-noticias-fumssar"],"aioseo_notices":[],"_links":{"self":[{"href":"https:\/\/prefeitura.santarosa.rs.gov.br\/index.php?rest_route=\/wp\/v2\/posts\/5284","targetHints":{"allow":["GET"]}}],"collection":[{"href":"https:\/\/prefeitura.santarosa.rs.gov.br\/index.php?rest_route=\/wp\/v2\/posts"}],"about":[{"href":"https:\/\/prefeitura.santarosa.rs.gov.br\/index.php?rest_route=\/wp\/v2\/types\/post"}],"author":[{"embeddable":true,"href":"https:\/\/prefeitura.santarosa.rs.gov.br\/index.php?rest_route=\/wp\/v2\/users\/5"}],"replies":[{"embeddable":true,"href":"https:\/\/prefeitura.santarosa.rs.gov.br\/index.php?rest_route=%2Fwp%2Fv2%2Fcomments&post=5284"}],"version-history":[{"count":1,"href":"https:\/\/prefeitura.santarosa.rs.gov.br\/index.php?rest_route=\/wp\/v2\/posts\/5284\/revisions"}],"predecessor-version":[{"id":5286,"href":"https:\/\/prefeitura.santarosa.rs.gov.br\/index.php?rest_route=\/wp\/v2\/posts\/5284\/revisions\/5286"}],"wp:featuredmedia":[{"embeddable":true,"href":"https:\/\/prefeitura.santarosa.rs.gov.br\/index.php?rest_route=\/wp\/v2\/media\/5285"}],"wp:attachment":[{"href":"https:\/\/prefeitura.santarosa.rs.gov.br\/index.php?rest_route=%2Fwp%2Fv2%2Fmedia&parent=5284"}],"wp:term":[{"taxonomy":"category","embeddable":true,"href":"https:\/\/prefeitura.santarosa.rs.gov.br\/index.php?rest_route=%2Fwp%2Fv2%2Fcategories&post=5284"},{"taxonomy":"post_tag","embeddable":true,"href":"https:\/\/prefeitura.santarosa.rs.gov.br\/index.php?rest_route=%2Fwp%2Fv2%2Ftags&post=5284"}],"curies":[{"name":"wp","href":"https:\/\/api.w.org\/{rel}","templated":true}]}}