{"id":5280,"date":"2022-11-22T16:48:27","date_gmt":"2022-11-22T19:48:27","guid":{"rendered":"https:\/\/prefeitura.santarosa.rs.gov.br\/?p=5280"},"modified":"2024-10-07T09:53:50","modified_gmt":"2024-10-07T12:53:50","slug":"obra-de-pavimentacao-no-bairro-planalto","status":"publish","type":"post","link":"https:\/\/prefeitura.santarosa.rs.gov.br\/?p=5280","title":{"rendered":"Obra de pavimenta\u00e7\u00e3o no bairro Planalto"},"content":{"rendered":"\n<figure class=\"wp-block-image size-full\"><img fetchpriority=\"high\" decoding=\"async\" width=\"860\" height=\"645\" src=\"https:\/\/prefeitura.santarosa.rs.gov.br\/wp-content\/uploads\/2022\/11\/Formato-Site-e-Portal-860X645-JPG-92.jpg\" alt=\"\" class=\"wp-image-5281\" srcset=\"https:\/\/prefeitura.santarosa.rs.gov.br\/wp-content\/uploads\/2022\/11\/Formato-Site-e-Portal-860X645-JPG-92.jpg 860w, https:\/\/prefeitura.santarosa.rs.gov.br\/wp-content\/uploads\/2022\/11\/Formato-Site-e-Portal-860X645-JPG-92-300x225.jpg 300w, https:\/\/prefeitura.santarosa.rs.gov.br\/wp-content\/uploads\/2022\/11\/Formato-Site-e-Portal-860X645-JPG-92-768x576.jpg 768w\" sizes=\"(max-width: 860px) 100vw, 860px\" \/><\/figure>\n\n\n\n<p>Santa Rosa vive um momento de constante evolu\u00e7\u00e3o e desenvolvimento. O munic\u00edpio est\u00e1 um verdadeiro canteiro de obras. S\u00e3o mais de R$ 130 milh\u00f5es investidos em toda a cidade. Nesta semana, mais uma importante obra de pavimenta\u00e7\u00e3o asf\u00e1ltica teve in\u00edcio. A a\u00e7\u00e3o vai facilitar o tr\u00e1fego de ve\u00edculos e trazer melhorias para a mobilidade urbana no Bairro Planalto. O servi\u00e7o vai ser realizado na Rua Bras\u00edlia, no trecho entre as ruas: Recife e Sinval Saldanha.<\/p>\n\n\n\n<p>Esta pavimenta\u00e7\u00e3o na Planalto, tem um projeto que contempla 200 metros de pavimenta\u00e7\u00e3o, meio-fio de concreto pr\u00e9-moldado e sarjeta de concreto. Al\u00e9m disso, v\u00e3o ser executados servi\u00e7os complementares, como drenagem e sinaliza\u00e7\u00e3o vertical e horizontal. O Prefeito Anderson Mantei, destaca que as obras v\u00e3o trazer mais qualidade de vida para a popula\u00e7\u00e3o, \u201cEstamos avan\u00e7ando nas obras de melhorias para Santa Rosa, cumprindo o nosso compromisso de trazer mais desenvolvimento para o munic\u00edpio. S\u00e3o a\u00e7\u00f5es que v\u00e3o proporcionar melhoria plena da qualidade de vida da comunidade e da mobilidade urbana\u201d. V\u00e3o ser investidos na obra, R$ 280.268,37 com recursos pr\u00f3prios do munic\u00edpio. O prazo de execu\u00e7\u00e3o \u00e9 de 60 dias corridos, conforme contrato.<\/p>\n","protected":false},"excerpt":{"rendered":"<p>Santa Rosa vive um momento de constante evolu\u00e7\u00e3o e desenvolvimento. O munic\u00edpio est\u00e1 um verdadeiro canteiro de obras. S\u00e3o mais<\/p>\n","protected":false},"author":6,"featured_media":5282,"comment_status":"closed","ping_status":"closed","sticky":false,"template":"","format":"standard","meta":{"footnotes":""},"categories":[4,22,3],"tags":[],"class_list":["post-5280","post","type-post","status-publish","format-standard","has-post-thumbnail","hentry","category-noticias","category-secretaria-municipal-de-planejamento-e-habitacao","category-gabinete-do-prefeito"],"aioseo_notices":[],"_links":{"self":[{"href":"https:\/\/prefeitura.santarosa.rs.gov.br\/index.php?rest_route=\/wp\/v2\/posts\/5280","targetHints":{"allow":["GET"]}}],"collection":[{"href":"https:\/\/prefeitura.santarosa.rs.gov.br\/index.php?rest_route=\/wp\/v2\/posts"}],"about":[{"href":"https:\/\/prefeitura.santarosa.rs.gov.br\/index.php?rest_route=\/wp\/v2\/types\/post"}],"author":[{"embeddable":true,"href":"https:\/\/prefeitura.santarosa.rs.gov.br\/index.php?rest_route=\/wp\/v2\/users\/6"}],"replies":[{"embeddable":true,"href":"https:\/\/prefeitura.santarosa.rs.gov.br\/index.php?rest_route=%2Fwp%2Fv2%2Fcomments&post=5280"}],"version-history":[{"count":1,"href":"https:\/\/prefeitura.santarosa.rs.gov.br\/index.php?rest_route=\/wp\/v2\/posts\/5280\/revisions"}],"predecessor-version":[{"id":5283,"href":"https:\/\/prefeitura.santarosa.rs.gov.br\/index.php?rest_route=\/wp\/v2\/posts\/5280\/revisions\/5283"}],"wp:featuredmedia":[{"embeddable":true,"href":"https:\/\/prefeitura.santarosa.rs.gov.br\/index.php?rest_route=\/wp\/v2\/media\/5282"}],"wp:attachment":[{"href":"https:\/\/prefeitura.santarosa.rs.gov.br\/index.php?rest_route=%2Fwp%2Fv2%2Fmedia&parent=5280"}],"wp:term":[{"taxonomy":"category","embeddable":true,"href":"https:\/\/prefeitura.santarosa.rs.gov.br\/index.php?rest_route=%2Fwp%2Fv2%2Fcategories&post=5280"},{"taxonomy":"post_tag","embeddable":true,"href":"https:\/\/prefeitura.santarosa.rs.gov.br\/index.php?rest_route=%2Fwp%2Fv2%2Ftags&post=5280"}],"curies":[{"name":"wp","href":"https:\/\/api.w.org\/{rel}","templated":true}]}}