{"id":5206,"date":"2022-11-04T16:39:00","date_gmt":"2022-11-04T19:39:00","guid":{"rendered":"https:\/\/prefeitura.santarosa.rs.gov.br\/?p=5206"},"modified":"2024-10-07T09:53:51","modified_gmt":"2024-10-07T12:53:51","slug":"obra-de-pavimentacao-no-lajeado-paulino","status":"publish","type":"post","link":"https:\/\/prefeitura.santarosa.rs.gov.br\/?p=5206","title":{"rendered":"Obra de pavimenta\u00e7\u00e3o no Lajeado Paulino"},"content":{"rendered":"\n<p><br>A Prefeitura de Santa Rosa por meio da Secretaria de Planejamento e Habita\u00e7\u00e3o vai dar in\u00edcio a mais um servi\u00e7o de pavimenta\u00e7\u00e3o no interior do munic\u00edpio. As melhorias v\u00e3o ser na localiza\u00e7\u00e3o do Lajeado Paulino, na Rua Ant\u00f4nio Mucha. A obra ser\u00e1 em um trecho de 465 metros lineares, uma \u00e1rea de 3.377,53m\u00b2.<\/p>\n\n\n\n<p>O projeto tamb\u00e9m contempla obras de drenagem pluvial, meio-fio de concreto e sinaliza\u00e7\u00e3o vertical. O Prefeito Anderson Mantei, destaca que a pavimenta\u00e7\u00e3o vai auxiliar no tr\u00e1fego de ve\u00edculos e trazer mais infraestrutura para a comunidade, \u201cEstamos atuando em v\u00e1rias frentes para melhorar as nossas estradas do interior. Queremos oferecer mais seguran\u00e7a e mobilidade para toda a nossa popula\u00e7\u00e3o\u201d. <\/p>\n\n\n\n<p>O prazo de execu\u00e7\u00e3o \u00e9 de 150 dias corridos, conforme contrato. V\u00e3o ser investidos na obra: R$ 238.750,00 de emenda parlamentar do Deputado Bibo Nunes e R$ 77.867,27, com recursos do munic\u00edpio.<\/p>\n\n\n\n<figure class=\"wp-block-image size-full\"><img fetchpriority=\"high\" decoding=\"async\" width=\"860\" height=\"645\" src=\"https:\/\/prefeitura.santarosa.rs.gov.br\/wp-content\/uploads\/2022\/11\/Formato-Site-e-Portal-860X645-JPG-19.jpg\" alt=\"\" class=\"wp-image-5207\" srcset=\"https:\/\/prefeitura.santarosa.rs.gov.br\/wp-content\/uploads\/2022\/11\/Formato-Site-e-Portal-860X645-JPG-19.jpg 860w, https:\/\/prefeitura.santarosa.rs.gov.br\/wp-content\/uploads\/2022\/11\/Formato-Site-e-Portal-860X645-JPG-19-300x225.jpg 300w, https:\/\/prefeitura.santarosa.rs.gov.br\/wp-content\/uploads\/2022\/11\/Formato-Site-e-Portal-860X645-JPG-19-768x576.jpg 768w\" sizes=\"(max-width: 860px) 100vw, 860px\" \/><\/figure>\n","protected":false},"excerpt":{"rendered":"<p>A Prefeitura de Santa Rosa por meio da Secretaria de Planejamento e Habita\u00e7\u00e3o vai dar in\u00edcio a mais um servi\u00e7o<\/p>\n","protected":false},"author":5,"featured_media":5207,"comment_status":"open","ping_status":"open","sticky":false,"template":"","format":"standard","meta":{"footnotes":""},"categories":[4,22],"tags":[],"class_list":["post-5206","post","type-post","status-publish","format-standard","has-post-thumbnail","hentry","category-noticias","category-secretaria-municipal-de-planejamento-e-habitacao"],"aioseo_notices":[],"_links":{"self":[{"href":"https:\/\/prefeitura.santarosa.rs.gov.br\/index.php?rest_route=\/wp\/v2\/posts\/5206","targetHints":{"allow":["GET"]}}],"collection":[{"href":"https:\/\/prefeitura.santarosa.rs.gov.br\/index.php?rest_route=\/wp\/v2\/posts"}],"about":[{"href":"https:\/\/prefeitura.santarosa.rs.gov.br\/index.php?rest_route=\/wp\/v2\/types\/post"}],"author":[{"embeddable":true,"href":"https:\/\/prefeitura.santarosa.rs.gov.br\/index.php?rest_route=\/wp\/v2\/users\/5"}],"replies":[{"embeddable":true,"href":"https:\/\/prefeitura.santarosa.rs.gov.br\/index.php?rest_route=%2Fwp%2Fv2%2Fcomments&post=5206"}],"version-history":[{"count":1,"href":"https:\/\/prefeitura.santarosa.rs.gov.br\/index.php?rest_route=\/wp\/v2\/posts\/5206\/revisions"}],"predecessor-version":[{"id":5208,"href":"https:\/\/prefeitura.santarosa.rs.gov.br\/index.php?rest_route=\/wp\/v2\/posts\/5206\/revisions\/5208"}],"wp:featuredmedia":[{"embeddable":true,"href":"https:\/\/prefeitura.santarosa.rs.gov.br\/index.php?rest_route=\/wp\/v2\/media\/5207"}],"wp:attachment":[{"href":"https:\/\/prefeitura.santarosa.rs.gov.br\/index.php?rest_route=%2Fwp%2Fv2%2Fmedia&parent=5206"}],"wp:term":[{"taxonomy":"category","embeddable":true,"href":"https:\/\/prefeitura.santarosa.rs.gov.br\/index.php?rest_route=%2Fwp%2Fv2%2Fcategories&post=5206"},{"taxonomy":"post_tag","embeddable":true,"href":"https:\/\/prefeitura.santarosa.rs.gov.br\/index.php?rest_route=%2Fwp%2Fv2%2Ftags&post=5206"}],"curies":[{"name":"wp","href":"https:\/\/api.w.org\/{rel}","templated":true}]}}