{"id":5202,"date":"2022-11-04T16:00:45","date_gmt":"2022-11-04T19:00:45","guid":{"rendered":"https:\/\/prefeitura.santarosa.rs.gov.br\/?p=5202"},"modified":"2024-10-07T09:53:51","modified_gmt":"2024-10-07T12:53:51","slug":"feirao-de-oportunidades-vai-ocorrer-neste-sabado-em-santa-rosa","status":"publish","type":"post","link":"https:\/\/prefeitura.santarosa.rs.gov.br\/?p=5202","title":{"rendered":"Feir\u00e3o de Oportunidades vai ocorrer neste s\u00e1bado em Santa Rosa"},"content":{"rendered":"\n<p><br>A Prefeitura de Santa Rosa vai realizar neste\u00a0s\u00e1bado\u00a0(05), o Feir\u00e3o de Oportunidades, Empregos e Qualifica\u00e7\u00e3o. O evento vai ocorrer das 09h \u00e0s 13h, na Pra\u00e7a da Bandeira. Na oportunidade, v\u00e3o ser divulgadas vagas de emprego e realizadas entrevistas. Diversas a\u00e7\u00f5es v\u00e3o ser realizadas, como: entrega e confec\u00e7\u00e3o de curr\u00edculos, orienta\u00e7\u00f5es sobre qualifica\u00e7\u00e3o profissional e atividades de cidadania.<\/p>\n\n\n\n<p><br>Ao todo, v\u00e3o estar dispon\u00edveis 260 vagas de emprego. A atividade vai contar com a participa\u00e7\u00e3o de institui\u00e7\u00f5es de ensino e equipes de recursos humanos de diversas empresas. O Secret\u00e1rio de Desenvolvimento Econ\u00f4mico, Turismo e Tecnologia, Odaylson Eder, ressalta que o evento foi pensado para aproximar aqueles que est\u00e3o em busca de novas experi\u00eancias e as empresas que contam com vagas de emprego e cursos de qualifica\u00e7\u00e3o, \u201cPreparamos este feir\u00e3o para agilizar o processo de contrata\u00e7\u00e3o e preencher as vagas de emprego no munic\u00edpio. Temos grandes expectativas de conseguir com que as pessoas que buscam uma oportunidade, possam encontrar no mercado de trabalho\u201d.<br><\/p>\n\n\n\n<p>O Feir\u00e3o de Oportunidades \u00e9 uma parceria do Governo Municipal com as seguintes institui\u00e7\u00f5es: Sindilojas Fronteira Noroeste, Acisap, Sistema Nacional de Emprego, Funda\u00e7\u00e3o Ga\u00facha do Trabalho e A\u00e7\u00e3o Social, Ag\u00eancia de Desenvolvimento da Fronteira Noroeste do RS e Comiss\u00e3o Municipal de Emprego de Santa Rosa.<\/p>\n\n\n\n<figure class=\"wp-block-image size-full\"><img fetchpriority=\"high\" decoding=\"async\" width=\"860\" height=\"645\" src=\"https:\/\/prefeitura.santarosa.rs.gov.br\/wp-content\/uploads\/2022\/11\/Formato-Site-e-Portal-860X645-JPG-18.jpg\" alt=\"\" class=\"wp-image-5203\" srcset=\"https:\/\/prefeitura.santarosa.rs.gov.br\/wp-content\/uploads\/2022\/11\/Formato-Site-e-Portal-860X645-JPG-18.jpg 860w, https:\/\/prefeitura.santarosa.rs.gov.br\/wp-content\/uploads\/2022\/11\/Formato-Site-e-Portal-860X645-JPG-18-300x225.jpg 300w, https:\/\/prefeitura.santarosa.rs.gov.br\/wp-content\/uploads\/2022\/11\/Formato-Site-e-Portal-860X645-JPG-18-768x576.jpg 768w\" sizes=\"(max-width: 860px) 100vw, 860px\" \/><\/figure>\n","protected":false},"excerpt":{"rendered":"<p>A Prefeitura de Santa Rosa vai realizar neste\u00a0s\u00e1bado\u00a0(05), o Feir\u00e3o de Oportunidades, Empregos e Qualifica\u00e7\u00e3o. O evento vai ocorrer das<\/p>\n","protected":false},"author":5,"featured_media":5203,"comment_status":"open","ping_status":"open","sticky":false,"template":"","format":"standard","meta":{"footnotes":""},"categories":[4,16],"tags":[],"class_list":["post-5202","post","type-post","status-publish","format-standard","has-post-thumbnail","hentry","category-noticias","category-secretaria-municipal-de-desenvolvimento-economico-turismo-e-tecnologia"],"aioseo_notices":[],"_links":{"self":[{"href":"https:\/\/prefeitura.santarosa.rs.gov.br\/index.php?rest_route=\/wp\/v2\/posts\/5202","targetHints":{"allow":["GET"]}}],"collection":[{"href":"https:\/\/prefeitura.santarosa.rs.gov.br\/index.php?rest_route=\/wp\/v2\/posts"}],"about":[{"href":"https:\/\/prefeitura.santarosa.rs.gov.br\/index.php?rest_route=\/wp\/v2\/types\/post"}],"author":[{"embeddable":true,"href":"https:\/\/prefeitura.santarosa.rs.gov.br\/index.php?rest_route=\/wp\/v2\/users\/5"}],"replies":[{"embeddable":true,"href":"https:\/\/prefeitura.santarosa.rs.gov.br\/index.php?rest_route=%2Fwp%2Fv2%2Fcomments&post=5202"}],"version-history":[{"count":1,"href":"https:\/\/prefeitura.santarosa.rs.gov.br\/index.php?rest_route=\/wp\/v2\/posts\/5202\/revisions"}],"predecessor-version":[{"id":5204,"href":"https:\/\/prefeitura.santarosa.rs.gov.br\/index.php?rest_route=\/wp\/v2\/posts\/5202\/revisions\/5204"}],"wp:featuredmedia":[{"embeddable":true,"href":"https:\/\/prefeitura.santarosa.rs.gov.br\/index.php?rest_route=\/wp\/v2\/media\/5203"}],"wp:attachment":[{"href":"https:\/\/prefeitura.santarosa.rs.gov.br\/index.php?rest_route=%2Fwp%2Fv2%2Fmedia&parent=5202"}],"wp:term":[{"taxonomy":"category","embeddable":true,"href":"https:\/\/prefeitura.santarosa.rs.gov.br\/index.php?rest_route=%2Fwp%2Fv2%2Fcategories&post=5202"},{"taxonomy":"post_tag","embeddable":true,"href":"https:\/\/prefeitura.santarosa.rs.gov.br\/index.php?rest_route=%2Fwp%2Fv2%2Ftags&post=5202"}],"curies":[{"name":"wp","href":"https:\/\/api.w.org\/{rel}","templated":true}]}}