{"id":5196,"date":"2022-11-04T15:18:01","date_gmt":"2022-11-04T18:18:01","guid":{"rendered":"https:\/\/prefeitura.santarosa.rs.gov.br\/?p=5196"},"modified":"2024-10-07T09:53:51","modified_gmt":"2024-10-07T12:53:51","slug":"lancamento-da-9a-edicao-da-revista-escritas-reflexivas","status":"publish","type":"post","link":"https:\/\/prefeitura.santarosa.rs.gov.br\/?p=5196","title":{"rendered":"Lan\u00e7amento da 9\u00aa Edi\u00e7\u00e3o da Revista Escritas Reflexivas"},"content":{"rendered":"\n<p><br>A equipe da Secretaria de Educa\u00e7\u00e3o e Cultura realizou no Pal\u00e1cio Municipal, o lan\u00e7amento da nona edi\u00e7\u00e3o da Revista Escritas Reflexivas. A a\u00e7\u00e3o foi organizada pela Comiss\u00e3o Editorial da SMEC, coordenada pelas professoras: Elenir Kuzniewiski e Silvana Trindade. O projeto Escritas Reflexivas contempla um informativo de pr\u00e1ticas pedag\u00f3gicas interdisciplinares que abrangem as diferentes \u00e1reas do conhecimento, com base no curr\u00edculo escolar.<\/p>\n\n\n\n<p><br>Nesta edi\u00e7\u00e3o, constam relatos de experi\u00eancias, artigos e resenhas sobre os temas: educa\u00e7\u00e3o infantil, anos iniciais, arte, ensino remoto, gest\u00e3o escolar, escola e fam\u00edlia, inclus\u00e3o escolar, matem\u00e1tica, hist\u00f3ria e intelig\u00eancia socioemocional. A Secret\u00e1ria de Educa\u00e7\u00e3o e Cultura, Lires Zimmermann, parabenizou os autores por divulgarem suas pesquisas e reflex\u00f5es, \u201cEstamos muito contentes com mais esta edi\u00e7\u00e3o da Revista Escritas Reflexivas. Sabemos a import\u00e2ncia de oportunizar aos docentes da rede de ensino, a possibilidade de publicar seus trabalhos, pois \u00e9 a partir da a\u00e7\u00e3o e da reflex\u00e3o, que reafirmamos os saberes constitu\u00eddos socialmente e historicamente\u201d. <\/p>\n\n\n\n<p>O projeto tamb\u00e9m tem como meta, promover intera\u00e7\u00e3o entre professores, alunos e a comunidade escolar, bem como, incentivar a forma\u00e7\u00e3o de grupos de pesquisa e estudo.<\/p>\n\n\n\n<figure class=\"wp-block-image size-full\"><img fetchpriority=\"high\" decoding=\"async\" width=\"860\" height=\"645\" src=\"https:\/\/prefeitura.santarosa.rs.gov.br\/wp-content\/uploads\/2022\/11\/Formato-Site-e-Portal-860X645-JPG-16.jpg\" alt=\"\" class=\"wp-image-5197\" srcset=\"https:\/\/prefeitura.santarosa.rs.gov.br\/wp-content\/uploads\/2022\/11\/Formato-Site-e-Portal-860X645-JPG-16.jpg 860w, https:\/\/prefeitura.santarosa.rs.gov.br\/wp-content\/uploads\/2022\/11\/Formato-Site-e-Portal-860X645-JPG-16-300x225.jpg 300w, https:\/\/prefeitura.santarosa.rs.gov.br\/wp-content\/uploads\/2022\/11\/Formato-Site-e-Portal-860X645-JPG-16-768x576.jpg 768w\" sizes=\"(max-width: 860px) 100vw, 860px\" \/><\/figure>\n","protected":false},"excerpt":{"rendered":"<p>A equipe da Secretaria de Educa\u00e7\u00e3o e Cultura realizou no Pal\u00e1cio Municipal, o lan\u00e7amento da nona edi\u00e7\u00e3o da Revista Escritas<\/p>\n","protected":false},"author":5,"featured_media":5197,"comment_status":"open","ping_status":"open","sticky":false,"template":"","format":"standard","meta":{"footnotes":""},"categories":[4,18],"tags":[],"class_list":["post-5196","post","type-post","status-publish","format-standard","has-post-thumbnail","hentry","category-noticias","category-secretaria-municipal-de-educacao-e-cultura"],"aioseo_notices":[],"_links":{"self":[{"href":"https:\/\/prefeitura.santarosa.rs.gov.br\/index.php?rest_route=\/wp\/v2\/posts\/5196","targetHints":{"allow":["GET"]}}],"collection":[{"href":"https:\/\/prefeitura.santarosa.rs.gov.br\/index.php?rest_route=\/wp\/v2\/posts"}],"about":[{"href":"https:\/\/prefeitura.santarosa.rs.gov.br\/index.php?rest_route=\/wp\/v2\/types\/post"}],"author":[{"embeddable":true,"href":"https:\/\/prefeitura.santarosa.rs.gov.br\/index.php?rest_route=\/wp\/v2\/users\/5"}],"replies":[{"embeddable":true,"href":"https:\/\/prefeitura.santarosa.rs.gov.br\/index.php?rest_route=%2Fwp%2Fv2%2Fcomments&post=5196"}],"version-history":[{"count":1,"href":"https:\/\/prefeitura.santarosa.rs.gov.br\/index.php?rest_route=\/wp\/v2\/posts\/5196\/revisions"}],"predecessor-version":[{"id":5198,"href":"https:\/\/prefeitura.santarosa.rs.gov.br\/index.php?rest_route=\/wp\/v2\/posts\/5196\/revisions\/5198"}],"wp:featuredmedia":[{"embeddable":true,"href":"https:\/\/prefeitura.santarosa.rs.gov.br\/index.php?rest_route=\/wp\/v2\/media\/5197"}],"wp:attachment":[{"href":"https:\/\/prefeitura.santarosa.rs.gov.br\/index.php?rest_route=%2Fwp%2Fv2%2Fmedia&parent=5196"}],"wp:term":[{"taxonomy":"category","embeddable":true,"href":"https:\/\/prefeitura.santarosa.rs.gov.br\/index.php?rest_route=%2Fwp%2Fv2%2Fcategories&post=5196"},{"taxonomy":"post_tag","embeddable":true,"href":"https:\/\/prefeitura.santarosa.rs.gov.br\/index.php?rest_route=%2Fwp%2Fv2%2Ftags&post=5196"}],"curies":[{"name":"wp","href":"https:\/\/api.w.org\/{rel}","templated":true}]}}