{"id":5163,"date":"2022-10-28T16:21:16","date_gmt":"2022-10-28T19:21:16","guid":{"rendered":"https:\/\/prefeitura.santarosa.rs.gov.br\/?p=5163"},"modified":"2024-10-07T09:53:51","modified_gmt":"2024-10-07T12:53:51","slug":"prefeito-assina-contrato-para-a-construcao-da-2a-etapa-do-complexo-poliesportivo-e-cultural","status":"publish","type":"post","link":"https:\/\/prefeitura.santarosa.rs.gov.br\/?p=5163","title":{"rendered":"Prefeito assina contrato para a constru\u00e7\u00e3o da 2\u00aa etapa do Complexo Poliesportivo e Cultural"},"content":{"rendered":"\n<p><em>A Prefeitura de Santa Rosa vai investir mais de R$1 milh\u00e3o na obra<\/em><\/p>\n\n\n\n<figure class=\"wp-block-image size-full\"><img fetchpriority=\"high\" decoding=\"async\" width=\"860\" height=\"645\" src=\"https:\/\/prefeitura.santarosa.rs.gov.br\/wp-content\/uploads\/2022\/10\/Formato-Site-e-Portal-860X645-JPG-82.jpg\" alt=\"\" class=\"wp-image-5164\" srcset=\"https:\/\/prefeitura.santarosa.rs.gov.br\/wp-content\/uploads\/2022\/10\/Formato-Site-e-Portal-860X645-JPG-82.jpg 860w, https:\/\/prefeitura.santarosa.rs.gov.br\/wp-content\/uploads\/2022\/10\/Formato-Site-e-Portal-860X645-JPG-82-300x225.jpg 300w, https:\/\/prefeitura.santarosa.rs.gov.br\/wp-content\/uploads\/2022\/10\/Formato-Site-e-Portal-860X645-JPG-82-768x576.jpg 768w\" sizes=\"(max-width: 860px) 100vw, 860px\" \/><\/figure>\n\n\n\n<p>Santa Rosa vive um momento de progresso e expans\u00e3o. Com o intuito de proporcionar qualidade de vida aos cidad\u00e3os, o Prefeito Anderson Mantei assinou nesta&nbsp;sexta-feira (28), o contrato para constru\u00e7\u00e3o da&nbsp;segunda&nbsp;etapa do Complexo Poliesportivo e Cultural no Parque de Exposi\u00e7\u00f5es Alfredo Leandro Carlson. O objetivo \u00e9 criar um espa\u00e7o diferenciado para a comunidade. O complexo vai poder ser utilizado para diversas atividades, como: recrea\u00e7\u00e3o, servi\u00e7o social, pr\u00e1tica de esportes, entre outros.&nbsp;&nbsp;<\/p>\n\n\n\n<p>Na \u00e1rea, v\u00e3o ser constru\u00eddas quadras esportivas, academia aberta, parque infantil e uma estrutura completa de banheiros e salas de apoio aos eventos. Tamb\u00e9m v\u00e3o ser realizadas atividades do projeto: \u201cCidade Amiga do Idoso\u201d, proporcionando est\u00edmulo ao envelhecimento ativo, e otimizando assim, a\u00e7\u00f5es que promovam sa\u00fade, participa\u00e7\u00e3o e seguran\u00e7a. O prefeito Anderson Mantei falou da import\u00e2ncia desse local para Santa Rosa, \u201cVamos&nbsp;ter&nbsp;um espa\u00e7o diferenciado para acolher as fam\u00edlias, com uma estrutura completa e segura e que vai trazer mais qualidade de vida e bem-estar para toda a popula\u00e7\u00e3o\u201d.<\/p>\n\n\n\n<p>A primeira etapa do projeto j\u00e1 foi executada pela Fenasoja. Foram realizadas, a terraplanagem, a estrutura da Arena e o piso interno. A partir de agora, inicia a&nbsp;segunda&nbsp;fase, com as seguintes melhorias: pisos no entorno da Arena, sistema de drenagem pluvial, campo de futebol, quadras de v\u00f4lei e v\u00f4lei de areia, banheiros internos, rampas e escadarias de acesso \u00e0 Arena e p\u00f3rtico em estrutura met\u00e1lica. Esta&nbsp;segunda&nbsp;etapa vai ser executada com recursos por meio de transfer\u00eancia volunt\u00e1ria do Minist\u00e9rio da Cidadania, de R$&nbsp;<a href=\"callto:2.865.000,00\">2.865.000,00<\/a>&nbsp;e de recursos pr\u00f3prios do munic\u00edpio R$&nbsp;<a href=\"callto:1.243.629,59\">1.243.629,59<\/a>. Ao todo, v\u00e3o ser investidos: R$&nbsp;<a href=\"callto:4.108.629,59\">4.108.629,59<\/a>. As obras devem iniciar em janeiro, devido aos eventos j\u00e1 agendados para o local, at\u00e9 o final do ano. A empresa respons\u00e1vel pelo servi\u00e7o \u00e9 a Tecnika Engenharia Especializada LTDA.<\/p>\n","protected":false},"excerpt":{"rendered":"<p>A Prefeitura de Santa Rosa vai investir mais de R$1 milh\u00e3o na obra Santa Rosa vive um momento de progresso<\/p>\n","protected":false},"author":6,"featured_media":5165,"comment_status":"closed","ping_status":"closed","sticky":false,"template":"","format":"standard","meta":{"footnotes":""},"categories":[4,22,3],"tags":[],"class_list":["post-5163","post","type-post","status-publish","format-standard","has-post-thumbnail","hentry","category-noticias","category-secretaria-municipal-de-planejamento-e-habitacao","category-gabinete-do-prefeito"],"aioseo_notices":[],"_links":{"self":[{"href":"https:\/\/prefeitura.santarosa.rs.gov.br\/index.php?rest_route=\/wp\/v2\/posts\/5163","targetHints":{"allow":["GET"]}}],"collection":[{"href":"https:\/\/prefeitura.santarosa.rs.gov.br\/index.php?rest_route=\/wp\/v2\/posts"}],"about":[{"href":"https:\/\/prefeitura.santarosa.rs.gov.br\/index.php?rest_route=\/wp\/v2\/types\/post"}],"author":[{"embeddable":true,"href":"https:\/\/prefeitura.santarosa.rs.gov.br\/index.php?rest_route=\/wp\/v2\/users\/6"}],"replies":[{"embeddable":true,"href":"https:\/\/prefeitura.santarosa.rs.gov.br\/index.php?rest_route=%2Fwp%2Fv2%2Fcomments&post=5163"}],"version-history":[{"count":1,"href":"https:\/\/prefeitura.santarosa.rs.gov.br\/index.php?rest_route=\/wp\/v2\/posts\/5163\/revisions"}],"predecessor-version":[{"id":5166,"href":"https:\/\/prefeitura.santarosa.rs.gov.br\/index.php?rest_route=\/wp\/v2\/posts\/5163\/revisions\/5166"}],"wp:featuredmedia":[{"embeddable":true,"href":"https:\/\/prefeitura.santarosa.rs.gov.br\/index.php?rest_route=\/wp\/v2\/media\/5165"}],"wp:attachment":[{"href":"https:\/\/prefeitura.santarosa.rs.gov.br\/index.php?rest_route=%2Fwp%2Fv2%2Fmedia&parent=5163"}],"wp:term":[{"taxonomy":"category","embeddable":true,"href":"https:\/\/prefeitura.santarosa.rs.gov.br\/index.php?rest_route=%2Fwp%2Fv2%2Fcategories&post=5163"},{"taxonomy":"post_tag","embeddable":true,"href":"https:\/\/prefeitura.santarosa.rs.gov.br\/index.php?rest_route=%2Fwp%2Fv2%2Ftags&post=5163"}],"curies":[{"name":"wp","href":"https:\/\/api.w.org\/{rel}","templated":true}]}}