{"id":5159,"date":"2022-10-28T16:15:36","date_gmt":"2022-10-28T19:15:36","guid":{"rendered":"https:\/\/prefeitura.santarosa.rs.gov.br\/?p=5159"},"modified":"2024-10-07T09:53:51","modified_gmt":"2024-10-07T12:53:51","slug":"dia-do-servidor-publico-e-comemorado-nesta-sexta-feira","status":"publish","type":"post","link":"https:\/\/prefeitura.santarosa.rs.gov.br\/?p=5159","title":{"rendered":"Dia do Servidor P\u00fablico \u00e9 comemorado nesta sexta-feira"},"content":{"rendered":"\n<figure class=\"wp-block-image size-full\"><img fetchpriority=\"high\" decoding=\"async\" width=\"860\" height=\"645\" src=\"https:\/\/prefeitura.santarosa.rs.gov.br\/wp-content\/uploads\/2022\/10\/Formato-Site-e-Portal-860X645-JPG-81.jpg\" alt=\"\" class=\"wp-image-5160\" srcset=\"https:\/\/prefeitura.santarosa.rs.gov.br\/wp-content\/uploads\/2022\/10\/Formato-Site-e-Portal-860X645-JPG-81.jpg 860w, https:\/\/prefeitura.santarosa.rs.gov.br\/wp-content\/uploads\/2022\/10\/Formato-Site-e-Portal-860X645-JPG-81-300x225.jpg 300w, https:\/\/prefeitura.santarosa.rs.gov.br\/wp-content\/uploads\/2022\/10\/Formato-Site-e-Portal-860X645-JPG-81-768x576.jpg 768w\" sizes=\"(max-width: 860px) 100vw, 860px\" \/><\/figure>\n\n\n\n<p>As comemora\u00e7\u00f5es come\u00e7aram logo cedo nesta&nbsp;sexta-feira (28), Dia do Servidor P\u00fablico. A manh\u00e3 iniciou com uma homenagem do Prefeito Anderson Mantei nas r\u00e1dios. Durante o dia, o Vice-Prefeito Aldemir Ulrich visitou diversos locais e secretarias, para agradecer e parabenizar os servidores. A data de&nbsp;28 de outubro&nbsp;foi institu\u00edda pela Lei n\u00ba 8.112, de&nbsp;11 de dezembro&nbsp;de 1990, e busca valorizar estes trabalhadores que se dedicam \u00e0 promo\u00e7\u00e3o da cidadania e fortalecimento da democracia.<\/p>\n\n\n\n<p>Quando se fala em servidores p\u00fablicos, a primeira coisa que pensamos s\u00e3o nos profissionais do Pal\u00e1cio, por\u00e9m Santa Rosa conta com equipes em mais de 12 \u00e1reas. Ao todo, s\u00e3o 1.876 servidores ativos, 639 aposentados e 144 pensionistas. Deste total, 1.355 s\u00e3o mulheres e 521 s\u00e3o homens. S\u00f3 na Funda\u00e7\u00e3o Municipal de Sa\u00fade, atuam 394 profissionais. O Prefeito Anderson Mantei, destacou o quanto o papel dos servidores \u00e9 fundamental para o desenvolvimento da cidade, \u201cSanta Rosa est\u00e1 vivendo um momento de progresso e evolu\u00e7\u00e3o. Somos refer\u00eancia em diversas \u00e1reas, isso gra\u00e7as ao \u00f3timo trabalho desenvolvido pelos servidores do munic\u00edpio. Nosso agradecimento ao empenho e dedica\u00e7\u00e3o destes trabalhadores, que prestam um atendimento de qualidade para toda a popula\u00e7\u00e3o santa-rosense e que contribuem para a constru\u00e7\u00e3o de uma Santa Rosa, cada vez melhor para se viver\u201d.<\/p>\n\n\n\n<p>A Gest\u00e3o Municipal tem atrav\u00e9s do Planejamento Estrat\u00e9gico, investido na qualifica\u00e7\u00e3o dos servidores. At\u00e9 o momento, j\u00e1 foram realizadas mais de 76 mil horas de treinamentos na prefeitura. Os cursos s\u00e3o voltados para diferentes \u00e1reas do conhecimento, com o objetivo de capacitar e qualificar ainda mais o servi\u00e7o para os cidad\u00e3os. O Vice-Prefeito Aldemir Ulrich, ressaltou a import\u00e2ncia de celebrar esta data, \u201cEsse \u00e9 um dia para celebrar e agradecer, por todos que j\u00e1 passaram e os que est\u00e3o atuando conosco com tanto empenho. Como sempre eu lembro, a palavra servidor vem de servir. E \u00e9 isso, que temos presenciado, servidores competentes e que servem a popula\u00e7\u00e3o com excel\u00eancia\u201d. Nesta&nbsp;sexta-feira (28), o atendimento \u00e9 normal em todos os setores do servi\u00e7o p\u00fablico. O feriado do Dia do Servidor foi transferido para o dia&nbsp;14 de novembro, quando ent\u00e3o, n\u00e3o haver\u00e1 expediente.<\/p>\n","protected":false},"excerpt":{"rendered":"<p>As comemora\u00e7\u00f5es come\u00e7aram logo cedo nesta&nbsp;sexta-feira (28), Dia do Servidor P\u00fablico. A manh\u00e3 iniciou com uma homenagem do Prefeito Anderson<\/p>\n","protected":false},"author":6,"featured_media":5161,"comment_status":"closed","ping_status":"closed","sticky":false,"template":"","format":"standard","meta":{"footnotes":""},"categories":[4,15,3,9],"tags":[],"class_list":["post-5159","post","type-post","status-publish","format-standard","has-post-thumbnail","hentry","category-noticias","category-secretaria-municipal-de-comunicacao","category-gabinete-do-prefeito","category-gabinete-do-vice-prefeito"],"aioseo_notices":[],"_links":{"self":[{"href":"https:\/\/prefeitura.santarosa.rs.gov.br\/index.php?rest_route=\/wp\/v2\/posts\/5159","targetHints":{"allow":["GET"]}}],"collection":[{"href":"https:\/\/prefeitura.santarosa.rs.gov.br\/index.php?rest_route=\/wp\/v2\/posts"}],"about":[{"href":"https:\/\/prefeitura.santarosa.rs.gov.br\/index.php?rest_route=\/wp\/v2\/types\/post"}],"author":[{"embeddable":true,"href":"https:\/\/prefeitura.santarosa.rs.gov.br\/index.php?rest_route=\/wp\/v2\/users\/6"}],"replies":[{"embeddable":true,"href":"https:\/\/prefeitura.santarosa.rs.gov.br\/index.php?rest_route=%2Fwp%2Fv2%2Fcomments&post=5159"}],"version-history":[{"count":1,"href":"https:\/\/prefeitura.santarosa.rs.gov.br\/index.php?rest_route=\/wp\/v2\/posts\/5159\/revisions"}],"predecessor-version":[{"id":5162,"href":"https:\/\/prefeitura.santarosa.rs.gov.br\/index.php?rest_route=\/wp\/v2\/posts\/5159\/revisions\/5162"}],"wp:featuredmedia":[{"embeddable":true,"href":"https:\/\/prefeitura.santarosa.rs.gov.br\/index.php?rest_route=\/wp\/v2\/media\/5161"}],"wp:attachment":[{"href":"https:\/\/prefeitura.santarosa.rs.gov.br\/index.php?rest_route=%2Fwp%2Fv2%2Fmedia&parent=5159"}],"wp:term":[{"taxonomy":"category","embeddable":true,"href":"https:\/\/prefeitura.santarosa.rs.gov.br\/index.php?rest_route=%2Fwp%2Fv2%2Fcategories&post=5159"},{"taxonomy":"post_tag","embeddable":true,"href":"https:\/\/prefeitura.santarosa.rs.gov.br\/index.php?rest_route=%2Fwp%2Fv2%2Ftags&post=5159"}],"curies":[{"name":"wp","href":"https:\/\/api.w.org\/{rel}","templated":true}]}}