{"id":5155,"date":"2022-10-27T17:23:50","date_gmt":"2022-10-27T20:23:50","guid":{"rendered":"https:\/\/prefeitura.santarosa.rs.gov.br\/?p=5155"},"modified":"2024-10-07T09:53:51","modified_gmt":"2024-10-07T12:53:51","slug":"vacina-covid-19-passa-a-ser-aplicada-uma-vez-por-mes","status":"publish","type":"post","link":"https:\/\/prefeitura.santarosa.rs.gov.br\/?p=5155","title":{"rendered":"Vacina COVID-19 passa a ser aplicada uma vez por m\u00eas"},"content":{"rendered":"\n<figure class=\"wp-block-image size-full\"><img fetchpriority=\"high\" decoding=\"async\" width=\"860\" height=\"645\" src=\"https:\/\/prefeitura.santarosa.rs.gov.br\/wp-content\/uploads\/2022\/10\/Formato-Site-e-Portal-860X645-JPG-79.jpg\" alt=\"\" class=\"wp-image-5156\" srcset=\"https:\/\/prefeitura.santarosa.rs.gov.br\/wp-content\/uploads\/2022\/10\/Formato-Site-e-Portal-860X645-JPG-79.jpg 860w, https:\/\/prefeitura.santarosa.rs.gov.br\/wp-content\/uploads\/2022\/10\/Formato-Site-e-Portal-860X645-JPG-79-300x225.jpg 300w, https:\/\/prefeitura.santarosa.rs.gov.br\/wp-content\/uploads\/2022\/10\/Formato-Site-e-Portal-860X645-JPG-79-768x576.jpg 768w\" sizes=\"(max-width: 860px) 100vw, 860px\" \/><\/figure>\n\n\n\n<p>A Funda\u00e7\u00e3o Municipal de Sa\u00fade de Santa Rosa informa a popula\u00e7\u00e3o que a Central de Vacinas COVID-19, vai estar funcionando at\u00e9 esta quinta-feira (27). A partir de novembro, a imuniza\u00e7\u00e3o vai ser realizada uma vez por m\u00eas, na Unidade B\u00e1sica de Sa\u00fade do Centro. A medida foi adotada, tendo em vista, a redu\u00e7\u00e3o do n\u00famero de casos da doen\u00e7a e considerando que cerca de 90% da popula\u00e7\u00e3o j\u00e1 est\u00e1 imunizada.<\/p>\n\n\n\n<p>A Central de Vacinas COVID-19 foi aberta h\u00e1 um ano, com intuito de facilitar o acesso \u00e0 vacina\u00e7\u00e3o. Foram aplicadas na Central, mais de 51 mil doses contra a COVID-19. Em m\u00e9dia, eram vacinadas cerca de 200 pessoas por dia, sendo que no in\u00edcio a equipe chegou a aplicar cerca de 1.000 doses di\u00e1rias. Nos \u00faltimos meses, a procura reduziu consideravelmente, sendo necess\u00e1rio reduzir os dias da aplica\u00e7\u00e3o. O Presidente da FUMSSAR, D\u00e9lcio Stefan destaca que a mudan\u00e7a ocorre para a otimiza\u00e7\u00e3o do uso de doses do munic\u00edpio, \u201cNeste momento, h\u00e1 uma baixa procura para a vacina\u00e7\u00e3o contra a COVID-19, sendo assim, para otimizar os frascos de vacinas abertos, vamos manter a aplica\u00e7\u00e3o, uma vez por m\u00eas, em uma \u00fanica unidade\u201d.<\/p>\n\n\n\n<p>De acordo com o \u00faltimo Boletim Epidemiol\u00f3gico, divulgado nessa quinta-feira (27), Santa Rosa est\u00e1 apenas com um caso ativo da COVID-19. Durante o per\u00edodo de 01 a 26 de outubro, foram registrados 10 novos caso da doen\u00e7a. O munic\u00edpio conta com 88% da popula\u00e7\u00e3o vacinada com primeira dose e 85% com a segunda dose ou dose \u00fanica. Foram realizadas desde o in\u00edcio da pandemia, 166.481 vacinas. O cronograma da vacina\u00e7\u00e3o, est\u00e1 divulgado no site da FUMSSAR. No m\u00eas de novembro, o atendimento vai acontecer no dia 28\/11 e em dezembro, no dia 26\/12, das 18h30min \u00e0s 21h30min, na UBS do Centro, localizada na R. Buenos Aires, 40. V\u00e3o estar dispon\u00edveis todas as doses, a partir dos 03 anos de idade. Para se vacinar, \u00e9 preciso levar documento com foto, CPF e a caderneta de vacina\u00e7\u00e3o.<\/p>\n\n\n\n<p><strong><em>Decreto:<\/em><\/strong><\/p>\n\n\n\n<p>O Prefeito Anderson Mantei assinou nesta quinta-feira (27), o Decreto n\u00ba 182, que revogou o Decreto n\u00ba 130, de 20 de julho de 2021, que declarava estado de calamidade p\u00fablica em todo o territ\u00f3rio do Munic\u00edpio de Santa Rosa para fins de preven\u00e7\u00e3o e de enfrentamento \u00e0 epidemia causada pelo COVID-19. A decis\u00e3o est\u00e1 de acordo com as normas do Sistema de Avisos, Alertas e A\u00e7\u00f5es para fins de monitoramento, preven\u00e7\u00e3o e enfrentamento \u00e0 pandemia de COVID-19 no Rio Grande do Sul, conforme estabelecido pelo Decreto Estadual n\u00ba 55.882, de 2021. Dessa forma, as normas sanit\u00e1rias excepcionais institu\u00eddas em raz\u00e3o da pandemia no \u00e2mbito do Munic\u00edpio de Santa Rosa, tais como: a obrigatoriedade do uso de m\u00e1scara em estabelecimentos de sa\u00fade e demais regras que tratavam, por exemplo, de quest\u00f5es espec\u00edficas sobre o distanciamento social e par\u00e2metros de ocupa\u00e7\u00e3o limitados em determinados espa\u00e7os retornam, por parte do Munic\u00edpio de Santa Rosa, a normalidade.<\/p>\n","protected":false},"excerpt":{"rendered":"<p>A Funda\u00e7\u00e3o Municipal de Sa\u00fade de Santa Rosa informa a popula\u00e7\u00e3o que a Central de Vacinas COVID-19, vai estar funcionando<\/p>\n","protected":false},"author":6,"featured_media":5157,"comment_status":"closed","ping_status":"closed","sticky":false,"template":"","format":"standard","meta":{"footnotes":""},"categories":[4,8],"tags":[],"class_list":["post-5155","post","type-post","status-publish","format-standard","has-post-thumbnail","hentry","category-noticias","category-noticias-fumssar"],"aioseo_notices":[],"_links":{"self":[{"href":"https:\/\/prefeitura.santarosa.rs.gov.br\/index.php?rest_route=\/wp\/v2\/posts\/5155","targetHints":{"allow":["GET"]}}],"collection":[{"href":"https:\/\/prefeitura.santarosa.rs.gov.br\/index.php?rest_route=\/wp\/v2\/posts"}],"about":[{"href":"https:\/\/prefeitura.santarosa.rs.gov.br\/index.php?rest_route=\/wp\/v2\/types\/post"}],"author":[{"embeddable":true,"href":"https:\/\/prefeitura.santarosa.rs.gov.br\/index.php?rest_route=\/wp\/v2\/users\/6"}],"replies":[{"embeddable":true,"href":"https:\/\/prefeitura.santarosa.rs.gov.br\/index.php?rest_route=%2Fwp%2Fv2%2Fcomments&post=5155"}],"version-history":[{"count":1,"href":"https:\/\/prefeitura.santarosa.rs.gov.br\/index.php?rest_route=\/wp\/v2\/posts\/5155\/revisions"}],"predecessor-version":[{"id":5158,"href":"https:\/\/prefeitura.santarosa.rs.gov.br\/index.php?rest_route=\/wp\/v2\/posts\/5155\/revisions\/5158"}],"wp:featuredmedia":[{"embeddable":true,"href":"https:\/\/prefeitura.santarosa.rs.gov.br\/index.php?rest_route=\/wp\/v2\/media\/5157"}],"wp:attachment":[{"href":"https:\/\/prefeitura.santarosa.rs.gov.br\/index.php?rest_route=%2Fwp%2Fv2%2Fmedia&parent=5155"}],"wp:term":[{"taxonomy":"category","embeddable":true,"href":"https:\/\/prefeitura.santarosa.rs.gov.br\/index.php?rest_route=%2Fwp%2Fv2%2Fcategories&post=5155"},{"taxonomy":"post_tag","embeddable":true,"href":"https:\/\/prefeitura.santarosa.rs.gov.br\/index.php?rest_route=%2Fwp%2Fv2%2Ftags&post=5155"}],"curies":[{"name":"wp","href":"https:\/\/api.w.org\/{rel}","templated":true}]}}