{"id":5101,"date":"2022-10-19T17:28:54","date_gmt":"2022-10-19T20:28:54","guid":{"rendered":"https:\/\/prefeitura.santarosa.rs.gov.br\/?p=5101"},"modified":"2024-10-07T09:54:03","modified_gmt":"2024-10-07T12:54:03","slug":"parceria-entre-prefeitura-e-rge-garante-avanco-na-modernizacao-da-iluminacao-publica","status":"publish","type":"post","link":"https:\/\/prefeitura.santarosa.rs.gov.br\/?p=5101","title":{"rendered":"Parceria entre Prefeitura e RGE garante avan\u00e7o na moderniza\u00e7\u00e3o da ilumina\u00e7\u00e3o p\u00fablica"},"content":{"rendered":"\n<p><br>O sistema de ilumina\u00e7\u00e3o p\u00fablica de Santa Rosa vai receber o investimento de mais de R$1 milh\u00e3o. As melhorias est\u00e3o sendo realizadas atrav\u00e9s de uma parceria entre o Governo Municipal e a empresa Rio Grande Energia. O aporte ser\u00e1 feito pela RGE por meio do Programa de Efici\u00eancia Energ\u00e9tica &#8211; PEE. V\u00e3o ser substitu\u00eddas 840 l\u00e2mpadas por novas de tecnologia LED. A a\u00e7\u00e3o vai contribuir para aumentar a vida \u00fatil das lumin\u00e1rias e gerar mais economia para o munic\u00edpio.\u00a0<\/p>\n\n\n\n<p><br>Al\u00e9m da substitui\u00e7\u00e3o das l\u00e2mpadas, est\u00e3o sendo realizadas tamb\u00e9m, a troca dos bra\u00e7os das lumin\u00e1rias. O Prefeito Anderson Mantei destaca a a\u00e7\u00e3o, \u201cNa parceria com a RGE avan\u00e7amos ainda mais na moderniza\u00e7\u00e3o da ilumina\u00e7\u00e3o p\u00fablica. Mais economia, seguran\u00e7a e ilumina\u00e7\u00e3o de qualidade para os cidad\u00e3os\u201d. A economia proporcionada pela tecnologia LED alcan\u00e7a 80% em rela\u00e7\u00e3o \u00e0s l\u00e2mpadas antigas, com dura\u00e7\u00e3o cerca de tr\u00eas vezes maior.<\/p>\n\n\n\n<p><br>Confira abaixo quais ruas v\u00e3o ser beneficiadas:<br>Edwino Fenner; Av. Am\u00e9rica; Av. Borges de Medeiros; Av. Expedicion\u00e1rio Weber; Av. Flores da Cunha; Av. Inhacor\u00e1; Av. Rio Branco; Av. Tuparendi; R. Buenos Aires; R. Crist\u00f3v\u00e3o Colombo; R. Dr. Francisco Tim; R. Henrique Gassen; R. Jo\u00e3o Danhe; R. S\u00e3o Francisco; R. Sinval Saldanha e Tv. Butant\u00e3.<\/p>\n\n\n\n<figure class=\"wp-block-image size-full\"><img fetchpriority=\"high\" decoding=\"async\" width=\"860\" height=\"645\" src=\"https:\/\/prefeitura.santarosa.rs.gov.br\/wp-content\/uploads\/2022\/10\/Formato-Site-e-Portal-860X645-JPG-12.jpg\" alt=\"\" class=\"wp-image-5102\" srcset=\"https:\/\/prefeitura.santarosa.rs.gov.br\/wp-content\/uploads\/2022\/10\/Formato-Site-e-Portal-860X645-JPG-12.jpg 860w, https:\/\/prefeitura.santarosa.rs.gov.br\/wp-content\/uploads\/2022\/10\/Formato-Site-e-Portal-860X645-JPG-12-300x225.jpg 300w, https:\/\/prefeitura.santarosa.rs.gov.br\/wp-content\/uploads\/2022\/10\/Formato-Site-e-Portal-860X645-JPG-12-768x576.jpg 768w\" sizes=\"(max-width: 860px) 100vw, 860px\" \/><\/figure>\n","protected":false},"excerpt":{"rendered":"<p>O sistema de ilumina\u00e7\u00e3o p\u00fablica de Santa Rosa vai receber o investimento de mais de R$1 milh\u00e3o. As melhorias est\u00e3o<\/p>\n","protected":false},"author":5,"featured_media":5102,"comment_status":"open","ping_status":"open","sticky":false,"template":"","format":"standard","meta":{"footnotes":""},"categories":[4,22],"tags":[],"class_list":["post-5101","post","type-post","status-publish","format-standard","has-post-thumbnail","hentry","category-noticias","category-secretaria-municipal-de-planejamento-e-habitacao"],"aioseo_notices":[],"_links":{"self":[{"href":"https:\/\/prefeitura.santarosa.rs.gov.br\/index.php?rest_route=\/wp\/v2\/posts\/5101","targetHints":{"allow":["GET"]}}],"collection":[{"href":"https:\/\/prefeitura.santarosa.rs.gov.br\/index.php?rest_route=\/wp\/v2\/posts"}],"about":[{"href":"https:\/\/prefeitura.santarosa.rs.gov.br\/index.php?rest_route=\/wp\/v2\/types\/post"}],"author":[{"embeddable":true,"href":"https:\/\/prefeitura.santarosa.rs.gov.br\/index.php?rest_route=\/wp\/v2\/users\/5"}],"replies":[{"embeddable":true,"href":"https:\/\/prefeitura.santarosa.rs.gov.br\/index.php?rest_route=%2Fwp%2Fv2%2Fcomments&post=5101"}],"version-history":[{"count":1,"href":"https:\/\/prefeitura.santarosa.rs.gov.br\/index.php?rest_route=\/wp\/v2\/posts\/5101\/revisions"}],"predecessor-version":[{"id":5103,"href":"https:\/\/prefeitura.santarosa.rs.gov.br\/index.php?rest_route=\/wp\/v2\/posts\/5101\/revisions\/5103"}],"wp:featuredmedia":[{"embeddable":true,"href":"https:\/\/prefeitura.santarosa.rs.gov.br\/index.php?rest_route=\/wp\/v2\/media\/5102"}],"wp:attachment":[{"href":"https:\/\/prefeitura.santarosa.rs.gov.br\/index.php?rest_route=%2Fwp%2Fv2%2Fmedia&parent=5101"}],"wp:term":[{"taxonomy":"category","embeddable":true,"href":"https:\/\/prefeitura.santarosa.rs.gov.br\/index.php?rest_route=%2Fwp%2Fv2%2Fcategories&post=5101"},{"taxonomy":"post_tag","embeddable":true,"href":"https:\/\/prefeitura.santarosa.rs.gov.br\/index.php?rest_route=%2Fwp%2Fv2%2Ftags&post=5101"}],"curies":[{"name":"wp","href":"https:\/\/api.w.org\/{rel}","templated":true}]}}