{"id":5097,"date":"2022-10-18T15:59:44","date_gmt":"2022-10-18T18:59:44","guid":{"rendered":"https:\/\/prefeitura.santarosa.rs.gov.br\/?p=5097"},"modified":"2024-10-07T09:54:03","modified_gmt":"2024-10-07T12:54:03","slug":"santa-rosa-atinge-100-do-publico-alvo-na-vacinacao-contra-polio","status":"publish","type":"post","link":"https:\/\/prefeitura.santarosa.rs.gov.br\/?p=5097","title":{"rendered":"Santa Rosa atinge 100% do p\u00fablico-alvo na vacina\u00e7\u00e3o contra P\u00f3lio"},"content":{"rendered":"\n<p><br>A campanha de vacina\u00e7\u00e3o contra a Poliomielite em Santa Rosa, teve excelentes resultados. De acordo com os dados do Localiza SUS, o munic\u00edpio vacinou 100% do p\u00fablico-alvo. A imuniza\u00e7\u00e3o contra o v\u00edrus causador da paralisia infantil, foi realizada em crian\u00e7as de 01 a 04 anos completos. A meta foi alcan\u00e7ada antes do t\u00e9rmino da Campanha Nacional de Vacina\u00e7\u00e3o Contra a Poliomielite, estendida pelo Minist\u00e9rio da Sa\u00fade at\u00e9&nbsp;22 de outubro. Com a\u00e7\u00f5es alternativas de vacina\u00e7\u00e3o, o objetivo foi alcan\u00e7ado no munic\u00edpio.<\/p>\n\n\n\n<p><br>Foram mais de 3.560 doses aplicadas. Com este balan\u00e7o positivo, o Presidente da Funda\u00e7\u00e3o Municipal de Sa\u00fade, D\u00e9lcio Stefan, destaca que as a\u00e7\u00f5es assertivas t\u00eam resultado garantido, \u201cA vacina \u00e9 a \u00fanica forma que temos de proteger as crian\u00e7as da Poliomielite. Estamos muito contentes com esta meta alcan\u00e7ada\u201d. Al\u00e9m da grande atitude dos pais que levaram os filhos nas Unidades B\u00e1sicas de Sa\u00fade para receberem a vacina, o resultado tamb\u00e9m se deve ao esfor\u00e7o das equipes de sa\u00fade do munic\u00edpio que realizaram o Dia D contra p\u00f3lio em um&nbsp;s\u00e1bado, para facilitar a imuniza\u00e7\u00e3o das crian\u00e7as.<\/p>\n\n\n\n<figure class=\"wp-block-image size-full\"><img fetchpriority=\"high\" decoding=\"async\" width=\"860\" height=\"645\" src=\"https:\/\/prefeitura.santarosa.rs.gov.br\/wp-content\/uploads\/2022\/10\/Formato-Site-e-Portal-860X645-JPG-11.jpg\" alt=\"\" class=\"wp-image-5098\" srcset=\"https:\/\/prefeitura.santarosa.rs.gov.br\/wp-content\/uploads\/2022\/10\/Formato-Site-e-Portal-860X645-JPG-11.jpg 860w, https:\/\/prefeitura.santarosa.rs.gov.br\/wp-content\/uploads\/2022\/10\/Formato-Site-e-Portal-860X645-JPG-11-300x225.jpg 300w, https:\/\/prefeitura.santarosa.rs.gov.br\/wp-content\/uploads\/2022\/10\/Formato-Site-e-Portal-860X645-JPG-11-768x576.jpg 768w\" sizes=\"(max-width: 860px) 100vw, 860px\" \/><\/figure>\n","protected":false},"excerpt":{"rendered":"<p>A campanha de vacina\u00e7\u00e3o contra a Poliomielite em Santa Rosa, teve excelentes resultados. De acordo com os dados do Localiza<\/p>\n","protected":false},"author":5,"featured_media":5098,"comment_status":"open","ping_status":"open","sticky":false,"template":"","format":"standard","meta":{"footnotes":""},"categories":[4,8,1],"tags":[],"class_list":["post-5097","post","type-post","status-publish","format-standard","has-post-thumbnail","hentry","category-noticias","category-noticias-fumssar","category-sem-categoria"],"aioseo_notices":[],"_links":{"self":[{"href":"https:\/\/prefeitura.santarosa.rs.gov.br\/index.php?rest_route=\/wp\/v2\/posts\/5097","targetHints":{"allow":["GET"]}}],"collection":[{"href":"https:\/\/prefeitura.santarosa.rs.gov.br\/index.php?rest_route=\/wp\/v2\/posts"}],"about":[{"href":"https:\/\/prefeitura.santarosa.rs.gov.br\/index.php?rest_route=\/wp\/v2\/types\/post"}],"author":[{"embeddable":true,"href":"https:\/\/prefeitura.santarosa.rs.gov.br\/index.php?rest_route=\/wp\/v2\/users\/5"}],"replies":[{"embeddable":true,"href":"https:\/\/prefeitura.santarosa.rs.gov.br\/index.php?rest_route=%2Fwp%2Fv2%2Fcomments&post=5097"}],"version-history":[{"count":2,"href":"https:\/\/prefeitura.santarosa.rs.gov.br\/index.php?rest_route=\/wp\/v2\/posts\/5097\/revisions"}],"predecessor-version":[{"id":5100,"href":"https:\/\/prefeitura.santarosa.rs.gov.br\/index.php?rest_route=\/wp\/v2\/posts\/5097\/revisions\/5100"}],"wp:featuredmedia":[{"embeddable":true,"href":"https:\/\/prefeitura.santarosa.rs.gov.br\/index.php?rest_route=\/wp\/v2\/media\/5098"}],"wp:attachment":[{"href":"https:\/\/prefeitura.santarosa.rs.gov.br\/index.php?rest_route=%2Fwp%2Fv2%2Fmedia&parent=5097"}],"wp:term":[{"taxonomy":"category","embeddable":true,"href":"https:\/\/prefeitura.santarosa.rs.gov.br\/index.php?rest_route=%2Fwp%2Fv2%2Fcategories&post=5097"},{"taxonomy":"post_tag","embeddable":true,"href":"https:\/\/prefeitura.santarosa.rs.gov.br\/index.php?rest_route=%2Fwp%2Fv2%2Ftags&post=5097"}],"curies":[{"name":"wp","href":"https:\/\/api.w.org\/{rel}","templated":true}]}}