{"id":5088,"date":"2022-10-18T15:49:53","date_gmt":"2022-10-18T18:49:53","guid":{"rendered":"https:\/\/prefeitura.santarosa.rs.gov.br\/?p=5088"},"modified":"2024-10-07T09:54:03","modified_gmt":"2024-10-07T12:54:03","slug":"prefeitura-adquire-maquina-para-demarcacao-viaria","status":"publish","type":"post","link":"https:\/\/prefeitura.santarosa.rs.gov.br\/?p=5088","title":{"rendered":"Prefeitura adquire m\u00e1quina para demarca\u00e7\u00e3o vi\u00e1ria"},"content":{"rendered":"\n<p><br>Mais um investimento realizado para melhorar a infraestrutura de Santa Rosa. A Prefeitura adquiriu um novo equipamento para realizar a demarca\u00e7\u00e3o vi\u00e1ria. Com a m\u00e1quina ser\u00e1 poss\u00edvel agilizar e qualificar o servi\u00e7o de sinaliza\u00e7\u00e3o e pintura nas faixas de pedestres, lombadas, vagas de estacionamento e ciclovias.<\/p>\n\n\n\n<p>Na tarde desta\u00a0segunda-feira (17), a equipe de sinaliza\u00e7\u00e3o do Departamento de Tr\u00e2nsito recebeu um treinamento para operar o equipamento. O Vice-Prefeito Aldemir Ulrich acompanhou a opera\u00e7\u00e3o e destacou que a m\u00e1quina demarcadora vai contribuir para realizar a revitaliza\u00e7\u00e3o da demarca\u00e7\u00e3o vi\u00e1ria, \u201cCom este equipamento, vamos fazer a manuten\u00e7\u00e3o necess\u00e1ria nos locais que sofrem desgaste pelo fluxo de ve\u00edculos e das condi\u00e7\u00f5es clim\u00e1ticas. Estamos realizando diversos investimentos na infraestrutura pois isso representa seguran\u00e7a e qualidade de vida para todos\u201d. <\/p>\n\n\n\n<p>O uso da m\u00e1quina tem o objetivo de trazer mais agilidade no servi\u00e7o. O equipamento tamb\u00e9m vai ser utilizado para os servi\u00e7os de pintura de vagas destinadas \u00e0s pessoas com defici\u00eancia, idosos, dentre outras finalidades. O valor investido com recurso da prefeitura foi de R$ 299.980,00.<\/p>\n\n\n\n<figure class=\"wp-block-image size-full\"><img fetchpriority=\"high\" decoding=\"async\" width=\"860\" height=\"645\" src=\"https:\/\/prefeitura.santarosa.rs.gov.br\/wp-content\/uploads\/2022\/10\/Formato-Site-e-Portal-860X645-JPG-6.jpg\" alt=\"\" class=\"wp-image-5089\" srcset=\"https:\/\/prefeitura.santarosa.rs.gov.br\/wp-content\/uploads\/2022\/10\/Formato-Site-e-Portal-860X645-JPG-6.jpg 860w, https:\/\/prefeitura.santarosa.rs.gov.br\/wp-content\/uploads\/2022\/10\/Formato-Site-e-Portal-860X645-JPG-6-300x225.jpg 300w, https:\/\/prefeitura.santarosa.rs.gov.br\/wp-content\/uploads\/2022\/10\/Formato-Site-e-Portal-860X645-JPG-6-768x576.jpg 768w\" sizes=\"(max-width: 860px) 100vw, 860px\" \/><\/figure>\n","protected":false},"excerpt":{"rendered":"<p>Mais um investimento realizado para melhorar a infraestrutura de Santa Rosa. A Prefeitura adquiriu um novo equipamento para realizar a<\/p>\n","protected":false},"author":5,"featured_media":5089,"comment_status":"open","ping_status":"open","sticky":false,"template":"","format":"standard","meta":{"footnotes":""},"categories":[4,22],"tags":[],"class_list":["post-5088","post","type-post","status-publish","format-standard","has-post-thumbnail","hentry","category-noticias","category-secretaria-municipal-de-planejamento-e-habitacao"],"aioseo_notices":[],"_links":{"self":[{"href":"https:\/\/prefeitura.santarosa.rs.gov.br\/index.php?rest_route=\/wp\/v2\/posts\/5088","targetHints":{"allow":["GET"]}}],"collection":[{"href":"https:\/\/prefeitura.santarosa.rs.gov.br\/index.php?rest_route=\/wp\/v2\/posts"}],"about":[{"href":"https:\/\/prefeitura.santarosa.rs.gov.br\/index.php?rest_route=\/wp\/v2\/types\/post"}],"author":[{"embeddable":true,"href":"https:\/\/prefeitura.santarosa.rs.gov.br\/index.php?rest_route=\/wp\/v2\/users\/5"}],"replies":[{"embeddable":true,"href":"https:\/\/prefeitura.santarosa.rs.gov.br\/index.php?rest_route=%2Fwp%2Fv2%2Fcomments&post=5088"}],"version-history":[{"count":1,"href":"https:\/\/prefeitura.santarosa.rs.gov.br\/index.php?rest_route=\/wp\/v2\/posts\/5088\/revisions"}],"predecessor-version":[{"id":5090,"href":"https:\/\/prefeitura.santarosa.rs.gov.br\/index.php?rest_route=\/wp\/v2\/posts\/5088\/revisions\/5090"}],"wp:featuredmedia":[{"embeddable":true,"href":"https:\/\/prefeitura.santarosa.rs.gov.br\/index.php?rest_route=\/wp\/v2\/media\/5089"}],"wp:attachment":[{"href":"https:\/\/prefeitura.santarosa.rs.gov.br\/index.php?rest_route=%2Fwp%2Fv2%2Fmedia&parent=5088"}],"wp:term":[{"taxonomy":"category","embeddable":true,"href":"https:\/\/prefeitura.santarosa.rs.gov.br\/index.php?rest_route=%2Fwp%2Fv2%2Fcategories&post=5088"},{"taxonomy":"post_tag","embeddable":true,"href":"https:\/\/prefeitura.santarosa.rs.gov.br\/index.php?rest_route=%2Fwp%2Fv2%2Ftags&post=5088"}],"curies":[{"name":"wp","href":"https:\/\/api.w.org\/{rel}","templated":true}]}}