{"id":4986,"date":"2022-09-27T15:56:17","date_gmt":"2022-09-27T18:56:17","guid":{"rendered":"https:\/\/prefeitura.santarosa.rs.gov.br\/?p=4986"},"modified":"2024-10-07T09:54:04","modified_gmt":"2024-10-07T12:54:04","slug":"vale-livro-e-sucesso-entre-estudantes-da-rede-municipal-de-ensino","status":"publish","type":"post","link":"https:\/\/prefeitura.santarosa.rs.gov.br\/?p=4986","title":{"rendered":"Vale-Livro \u00e9 sucesso entre estudantes da rede municipal de ensino"},"content":{"rendered":"\n<figure class=\"wp-block-image size-large\"><img fetchpriority=\"high\" decoding=\"async\" width=\"1024\" height=\"768\" src=\"https:\/\/prefeitura.santarosa.rs.gov.br\/wp-content\/uploads\/2022\/09\/20220927_081607-1024x768.jpg\" alt=\"\" class=\"wp-image-4987\" srcset=\"https:\/\/prefeitura.santarosa.rs.gov.br\/wp-content\/uploads\/2022\/09\/20220927_081607-1024x768.jpg 1024w, https:\/\/prefeitura.santarosa.rs.gov.br\/wp-content\/uploads\/2022\/09\/20220927_081607-300x225.jpg 300w, https:\/\/prefeitura.santarosa.rs.gov.br\/wp-content\/uploads\/2022\/09\/20220927_081607-768x576.jpg 768w, https:\/\/prefeitura.santarosa.rs.gov.br\/wp-content\/uploads\/2022\/09\/20220927_081607-1536x1152.jpg 1536w, https:\/\/prefeitura.santarosa.rs.gov.br\/wp-content\/uploads\/2022\/09\/20220927_081607-2048x1536.jpg 2048w\" sizes=\"(max-width: 1024px) 100vw, 1024px\" \/><\/figure>\n\n\n\n<p>Ler estimula o saber. Este \u00e9 o slogan da 17\u00aa Feira do Livro que acontece desde a sexta-feira (23), em Santa Rosa. Com o objetivo de incentivar o h\u00e1bito da leitura, o Governo Municipal distribuiu 4.150 vale-livros para estudantes e professores da rede municipal de ensino. A Secretaria de Educa\u00e7\u00e3o e Cultura organizou durante a realiza\u00e7\u00e3o da feira, um cronograma de visita\u00e7\u00e3o das escolas. Alunos do 1\u00ba ao 9\u00ba ano, do Ensino Fundamental, v\u00e3o sair do local com pelo menos um t\u00edtulo em m\u00e3os.<\/p>\n\n\n\n<p>Na manh\u00e3 desta ter\u00e7a-feira (27), os estudantes do 1\u00ba ao 9\u00ba ano, da E.M.E.F C\u00edvico-Militar Coronel Raul Oliveira visitaram as bancas da 17\u00aa Feira do Livro. Assim que chegaram na feira, a anima\u00e7\u00e3o das turmas tomou conta do lugar. Vale-Livro na m\u00e3o e brilho nos olhos, ao ver tantas possibilidades de leitura.&nbsp;O aluno Bernardo da Rosa dos Santos, 08 anos, n\u00e3o demorou para fazer sua escolha. O estudante do 2\u00ba ano, levou para casa, o livro: \u201cA Minhoca Liloca\u201d, lan\u00e7amento da escritora homenageada desta 17\u00aa edi\u00e7\u00e3o da Feira do Livro de Santa Rosa, a professora Marli Schiefelbein Arruda. \u201c\u00c9 muito bom ganhar o vale-livro e levar pra nossa casa um livro novo. Lendo, a gente aprende e descobre coisas novas\u201d, destacou Bernardo. A escritora homenageada, Marli Arruda, tirou fotos com os alunos e autografou os livros. Durante o passeio pela feira, a Professora das s\u00e9ries finais, Angela Rohr, acompanhou os estudantes e tamb\u00e9m escolheu um exemplar liter\u00e1rio, \u201c\u00c9 um incentivo tanto para o professor quanto para o aluno, pois nos leva at\u00e9 a feira e nos proporciona escolher um livro, esse item que \u00e9 t\u00e3o importante e faz toda a diferen\u00e7a para educa\u00e7\u00e3o\u201d.<\/p>\n\n\n\n<p>O valor de cada vale-livro \u00e9 de R$20,00, que pode ser destinado para a aquisi\u00e7\u00e3o de um ou mais exemplares durante a feira. Para os professores da rede municipal de ensino, o vale \u00e9 de R$25,00. A Secret\u00e1ria de Educa\u00e7\u00e3o e Cultura, Lires Zimmermann, ressalta o quanto a leitura contribui para o desenvolvimento integral do aluno, \u201cVemos o quanto \u00e9 importante incentivar as crian\u00e7as e adolescentes a lerem desde pequenos. Al\u00e9m de oferecer um mundo de hist\u00f3rias e descobertas, a leitura tamb\u00e9m reflete no desempenho em todos os componentes curriculares\u201d. A 17\u00aa Feira do Livro de Santa Rosa ocorre at\u00e9 o dia de 29 de setembro, das 08h \u00e0s 20h, na Pra\u00e7a da Bandeira.<\/p>\n","protected":false},"excerpt":{"rendered":"<p>Ler estimula o saber. Este \u00e9 o slogan da 17\u00aa Feira do Livro que acontece desde a sexta-feira (23), em<\/p>\n","protected":false},"author":6,"featured_media":4987,"comment_status":"closed","ping_status":"closed","sticky":false,"template":"","format":"standard","meta":{"footnotes":""},"categories":[4,18],"tags":[],"class_list":["post-4986","post","type-post","status-publish","format-standard","has-post-thumbnail","hentry","category-noticias","category-secretaria-municipal-de-educacao-e-cultura"],"aioseo_notices":[],"_links":{"self":[{"href":"https:\/\/prefeitura.santarosa.rs.gov.br\/index.php?rest_route=\/wp\/v2\/posts\/4986","targetHints":{"allow":["GET"]}}],"collection":[{"href":"https:\/\/prefeitura.santarosa.rs.gov.br\/index.php?rest_route=\/wp\/v2\/posts"}],"about":[{"href":"https:\/\/prefeitura.santarosa.rs.gov.br\/index.php?rest_route=\/wp\/v2\/types\/post"}],"author":[{"embeddable":true,"href":"https:\/\/prefeitura.santarosa.rs.gov.br\/index.php?rest_route=\/wp\/v2\/users\/6"}],"replies":[{"embeddable":true,"href":"https:\/\/prefeitura.santarosa.rs.gov.br\/index.php?rest_route=%2Fwp%2Fv2%2Fcomments&post=4986"}],"version-history":[{"count":1,"href":"https:\/\/prefeitura.santarosa.rs.gov.br\/index.php?rest_route=\/wp\/v2\/posts\/4986\/revisions"}],"predecessor-version":[{"id":4988,"href":"https:\/\/prefeitura.santarosa.rs.gov.br\/index.php?rest_route=\/wp\/v2\/posts\/4986\/revisions\/4988"}],"wp:featuredmedia":[{"embeddable":true,"href":"https:\/\/prefeitura.santarosa.rs.gov.br\/index.php?rest_route=\/wp\/v2\/media\/4987"}],"wp:attachment":[{"href":"https:\/\/prefeitura.santarosa.rs.gov.br\/index.php?rest_route=%2Fwp%2Fv2%2Fmedia&parent=4986"}],"wp:term":[{"taxonomy":"category","embeddable":true,"href":"https:\/\/prefeitura.santarosa.rs.gov.br\/index.php?rest_route=%2Fwp%2Fv2%2Fcategories&post=4986"},{"taxonomy":"post_tag","embeddable":true,"href":"https:\/\/prefeitura.santarosa.rs.gov.br\/index.php?rest_route=%2Fwp%2Fv2%2Ftags&post=4986"}],"curies":[{"name":"wp","href":"https:\/\/api.w.org\/{rel}","templated":true}]}}