{"id":4983,"date":"2022-09-26T10:15:00","date_gmt":"2022-09-26T13:15:00","guid":{"rendered":"https:\/\/prefeitura.santarosa.rs.gov.br\/?p=4983"},"modified":"2024-10-07T09:54:04","modified_gmt":"2024-10-07T12:54:04","slug":"profissionais-da-fumssar-realizaram-acoes-do-setembro-amarelo","status":"publish","type":"post","link":"https:\/\/prefeitura.santarosa.rs.gov.br\/?p=4983","title":{"rendered":"Profissionais da FUMSSAR realizaram a\u00e7\u00f5es do Setembro Amarelo"},"content":{"rendered":"\n<figure class=\"wp-block-image size-large\"><img fetchpriority=\"high\" decoding=\"async\" width=\"1024\" height=\"768\" src=\"https:\/\/prefeitura.santarosa.rs.gov.br\/wp-content\/uploads\/2022\/09\/20220916_143228-1024x768.jpg\" alt=\"\" class=\"wp-image-4984\" srcset=\"https:\/\/prefeitura.santarosa.rs.gov.br\/wp-content\/uploads\/2022\/09\/20220916_143228-1024x768.jpg 1024w, https:\/\/prefeitura.santarosa.rs.gov.br\/wp-content\/uploads\/2022\/09\/20220916_143228-300x225.jpg 300w, https:\/\/prefeitura.santarosa.rs.gov.br\/wp-content\/uploads\/2022\/09\/20220916_143228-768x576.jpg 768w, https:\/\/prefeitura.santarosa.rs.gov.br\/wp-content\/uploads\/2022\/09\/20220916_143228-1536x1152.jpg 1536w, https:\/\/prefeitura.santarosa.rs.gov.br\/wp-content\/uploads\/2022\/09\/20220916_143228-2048x1536.jpg 2048w\" sizes=\"(max-width: 1024px) 100vw, 1024px\" \/><\/figure>\n\n\n\n<p>A Funda\u00e7\u00e3o Municipal de Sa\u00fade de Santa Rosa, em parceria com o Comit\u00ea Municipal de Preven\u00e7\u00e3o ao Suic\u00eddio e com o Centro de Aten\u00e7\u00e3o Psicossocial \u2013 CAPS Novo Rumo, promoveu durante todo este m\u00eas, uma programa\u00e7\u00e3o especial dedicada \u00e0 preven\u00e7\u00e3o do suic\u00eddio. As a\u00e7\u00f5es fizeram parte da Campanha Setembro Amarelo 2022, que teve como tema: \u201cA vida \u00e9 a melhor escolha\u201d. As atividades inclu\u00edram, rodas de conversa, treinamentos, palestras e a\u00e7\u00f5es educativas com a comunidade.&nbsp;<\/p>\n\n\n\n<p>Conforme dados divulgados pela FUMSSAR, Santa Rosa registrou nos primeiros 09 meses deste ano, 08 casos de suic\u00eddio. Em 2021, foram 17. N\u00fameros que preocupam os profissionais que atuam no cuidado em sa\u00fade mental. A Psic\u00f3loga Lidiene Superti, ressalta a import\u00e2ncia de falar sobre o tema, n\u00e3o s\u00f3 em setembro, mas todos os dias, \u201cEmbora seja um fen\u00f4meno complexo e multifatorial, o suic\u00eddio \u00e9 tamb\u00e9m uma quest\u00e3o de sa\u00fade p\u00fablica, sendo poss\u00edvel sua preven\u00e7\u00e3o por meio do reconhecimento dos fatores de risco. Nosso objetivo \u00e9 debater mais sobre o assunto e levar informa\u00e7\u00e3o sobre a oferta de servi\u00e7os de ajuda dispon\u00edveis para a popula\u00e7\u00e3o\u201d.<\/p>\n\n\n\n<p>Foram realizadas tamb\u00e9m, nas salas de espera das Unidades B\u00e1sicas de Sa\u00fade, a\u00e7\u00f5es de orienta\u00e7\u00e3o aos pacientes. O Presidente da FUMSSAR, D\u00e9lcio Stefan destaca o trabalho que vem sendo realizado, \u201cNosso objetivo \u00e9 trazer esclarecimentos e oferecer ferramentas sobre como lidar com essa quest\u00e3o. Precisamos alertar a sociedade sobre o tema e mostrar como buscar ajuda\u201d. Mais informa\u00e7\u00f5es, entre em contato com a UBS de refer\u00eancia ou com o CAPS Novo Rumo, pelos telefones: (55) 3513-5157 | 99653-3749.<\/p>\n","protected":false},"excerpt":{"rendered":"<p>A Funda\u00e7\u00e3o Municipal de Sa\u00fade de Santa Rosa, em parceria com o Comit\u00ea Municipal de Preven\u00e7\u00e3o ao Suic\u00eddio e com<\/p>\n","protected":false},"author":6,"featured_media":4984,"comment_status":"closed","ping_status":"closed","sticky":false,"template":"","format":"standard","meta":{"footnotes":""},"categories":[4,8],"tags":[],"class_list":["post-4983","post","type-post","status-publish","format-standard","has-post-thumbnail","hentry","category-noticias","category-noticias-fumssar"],"aioseo_notices":[],"_links":{"self":[{"href":"https:\/\/prefeitura.santarosa.rs.gov.br\/index.php?rest_route=\/wp\/v2\/posts\/4983","targetHints":{"allow":["GET"]}}],"collection":[{"href":"https:\/\/prefeitura.santarosa.rs.gov.br\/index.php?rest_route=\/wp\/v2\/posts"}],"about":[{"href":"https:\/\/prefeitura.santarosa.rs.gov.br\/index.php?rest_route=\/wp\/v2\/types\/post"}],"author":[{"embeddable":true,"href":"https:\/\/prefeitura.santarosa.rs.gov.br\/index.php?rest_route=\/wp\/v2\/users\/6"}],"replies":[{"embeddable":true,"href":"https:\/\/prefeitura.santarosa.rs.gov.br\/index.php?rest_route=%2Fwp%2Fv2%2Fcomments&post=4983"}],"version-history":[{"count":1,"href":"https:\/\/prefeitura.santarosa.rs.gov.br\/index.php?rest_route=\/wp\/v2\/posts\/4983\/revisions"}],"predecessor-version":[{"id":4985,"href":"https:\/\/prefeitura.santarosa.rs.gov.br\/index.php?rest_route=\/wp\/v2\/posts\/4983\/revisions\/4985"}],"wp:featuredmedia":[{"embeddable":true,"href":"https:\/\/prefeitura.santarosa.rs.gov.br\/index.php?rest_route=\/wp\/v2\/media\/4984"}],"wp:attachment":[{"href":"https:\/\/prefeitura.santarosa.rs.gov.br\/index.php?rest_route=%2Fwp%2Fv2%2Fmedia&parent=4983"}],"wp:term":[{"taxonomy":"category","embeddable":true,"href":"https:\/\/prefeitura.santarosa.rs.gov.br\/index.php?rest_route=%2Fwp%2Fv2%2Fcategories&post=4983"},{"taxonomy":"post_tag","embeddable":true,"href":"https:\/\/prefeitura.santarosa.rs.gov.br\/index.php?rest_route=%2Fwp%2Fv2%2Ftags&post=4983"}],"curies":[{"name":"wp","href":"https:\/\/api.w.org\/{rel}","templated":true}]}}