{"id":4966,"date":"2022-09-22T14:53:49","date_gmt":"2022-09-22T17:53:49","guid":{"rendered":"https:\/\/prefeitura.santarosa.rs.gov.br\/?p=4966"},"modified":"2024-10-07T09:54:04","modified_gmt":"2024-10-07T12:54:04","slug":"escola-de-danca-de-santa-rosa-e-destaque-em-festival","status":"publish","type":"post","link":"https:\/\/prefeitura.santarosa.rs.gov.br\/?p=4966","title":{"rendered":"Escola de Dan\u00e7a de Santa Rosa \u00e9 destaque em festival"},"content":{"rendered":"\n<figure class=\"wp-block-image size-full\"><img fetchpriority=\"high\" decoding=\"async\" width=\"860\" height=\"645\" src=\"https:\/\/prefeitura.santarosa.rs.gov.br\/wp-content\/uploads\/2022\/09\/Formato-Site-e-Portal-860X645-JPG-7-2.jpg\" alt=\"\" class=\"wp-image-4967\" srcset=\"https:\/\/prefeitura.santarosa.rs.gov.br\/wp-content\/uploads\/2022\/09\/Formato-Site-e-Portal-860X645-JPG-7-2.jpg 860w, https:\/\/prefeitura.santarosa.rs.gov.br\/wp-content\/uploads\/2022\/09\/Formato-Site-e-Portal-860X645-JPG-7-2-300x225.jpg 300w, https:\/\/prefeitura.santarosa.rs.gov.br\/wp-content\/uploads\/2022\/09\/Formato-Site-e-Portal-860X645-JPG-7-2-768x576.jpg 768w\" sizes=\"(max-width: 860px) 100vw, 860px\" \/><\/figure>\n\n\n\n<p>A equipe da Escola de Dan\u00e7a Izabel Neis, esteve esta semana na Prefeitura de Santa Rosa. As dan\u00e7arinas acompanhadas pela diretora e core\u00f3grafa Izabel Neis e de algumas m\u00e3es, foram recebidas no Pal\u00e1cio\u00a014 de Julho, pelo prefeito Anderson Mantei e pela Secret\u00e1ria de Educa\u00e7\u00e3o e Cultura, Lires Zimmermann. Na oportunidade, as alunas e a diretora apresentaram os resultados conquistados no Festival Santa Maria em Dan\u00e7a. O festival que aconteceu neste m\u00eas\u00a0de setembro\u00a0em Santa Maria, contou com participantes de diferentes estados do Brasil e com um grupo da Argentina. As dan\u00e7arinas que estavam representando Santa Rosa, conquistaram ao todo, 31 trof\u00e9us, sendo eles: 15 premia\u00e7\u00f5es de 1\u00ba lugar, 10 de 2\u00ba lugar e 06 t\u00edtulos de 3\u00ba lugar.<\/p>\n\n\n\n<p><br>A companhia realizou 47 apresenta\u00e7\u00f5es em Santa Maria, dessas, 31 ficaram entre as tr\u00eas primeiras colocadas. O Prefeito Anderson Mantei, parabenizou a diretora da escola, dan\u00e7arinas e familiares que apoiam e se dedicam \u00e0 arte da dan\u00e7a, \u201cFicamos muito contentes de ver o nome de Santa Rosa sendo destaque tamb\u00e9m na dan\u00e7a. Estamos \u00e0 disposi\u00e7\u00e3o para auxiliar no que for preciso e desejamos sucesso nas novas competi\u00e7\u00f5es\u201d. Os pr\u00eamios recebidos pela escola, foram nas dan\u00e7as de Estilo Livre e K-pop, nas categorias: J\u00fanior, Infanto-juvenil, Juvenil e Adulto.<\/p>\n\n\n\n<p><br>Outra conquista muito importante, foi a indica\u00e7\u00e3o de 04 coreografias para o Pr\u00eamio Jovem Para Dan\u00e7a, maior premia\u00e7\u00e3o de todo o festival, que seleciona apenas as coreografias de grande destaque. As quatro dan\u00e7as selecionadas foram: ASAP, Annabelle, O Caderno e Stereotype.\u00a0 A Escola de Dan\u00e7a Izabel Neis conta com 70 bailarinas.<\/p>\n","protected":false},"excerpt":{"rendered":"<p>A equipe da Escola de Dan\u00e7a Izabel Neis, esteve esta semana na Prefeitura de Santa Rosa. As dan\u00e7arinas acompanhadas pela<\/p>\n","protected":false},"author":5,"featured_media":4967,"comment_status":"open","ping_status":"open","sticky":false,"template":"","format":"standard","meta":{"footnotes":""},"categories":[4,18],"tags":[],"class_list":["post-4966","post","type-post","status-publish","format-standard","has-post-thumbnail","hentry","category-noticias","category-secretaria-municipal-de-educacao-e-cultura"],"aioseo_notices":[],"_links":{"self":[{"href":"https:\/\/prefeitura.santarosa.rs.gov.br\/index.php?rest_route=\/wp\/v2\/posts\/4966","targetHints":{"allow":["GET"]}}],"collection":[{"href":"https:\/\/prefeitura.santarosa.rs.gov.br\/index.php?rest_route=\/wp\/v2\/posts"}],"about":[{"href":"https:\/\/prefeitura.santarosa.rs.gov.br\/index.php?rest_route=\/wp\/v2\/types\/post"}],"author":[{"embeddable":true,"href":"https:\/\/prefeitura.santarosa.rs.gov.br\/index.php?rest_route=\/wp\/v2\/users\/5"}],"replies":[{"embeddable":true,"href":"https:\/\/prefeitura.santarosa.rs.gov.br\/index.php?rest_route=%2Fwp%2Fv2%2Fcomments&post=4966"}],"version-history":[{"count":1,"href":"https:\/\/prefeitura.santarosa.rs.gov.br\/index.php?rest_route=\/wp\/v2\/posts\/4966\/revisions"}],"predecessor-version":[{"id":4968,"href":"https:\/\/prefeitura.santarosa.rs.gov.br\/index.php?rest_route=\/wp\/v2\/posts\/4966\/revisions\/4968"}],"wp:featuredmedia":[{"embeddable":true,"href":"https:\/\/prefeitura.santarosa.rs.gov.br\/index.php?rest_route=\/wp\/v2\/media\/4967"}],"wp:attachment":[{"href":"https:\/\/prefeitura.santarosa.rs.gov.br\/index.php?rest_route=%2Fwp%2Fv2%2Fmedia&parent=4966"}],"wp:term":[{"taxonomy":"category","embeddable":true,"href":"https:\/\/prefeitura.santarosa.rs.gov.br\/index.php?rest_route=%2Fwp%2Fv2%2Fcategories&post=4966"},{"taxonomy":"post_tag","embeddable":true,"href":"https:\/\/prefeitura.santarosa.rs.gov.br\/index.php?rest_route=%2Fwp%2Fv2%2Ftags&post=4966"}],"curies":[{"name":"wp","href":"https:\/\/api.w.org\/{rel}","templated":true}]}}