{"id":4859,"date":"2022-09-02T14:20:00","date_gmt":"2022-09-02T17:20:00","guid":{"rendered":"https:\/\/prefeitura.santarosa.rs.gov.br\/?p=4859"},"modified":"2024-10-07T09:54:04","modified_gmt":"2024-10-07T12:54:04","slug":"semana-da-patria-iniciou-nesta-quinta-feira","status":"publish","type":"post","link":"https:\/\/prefeitura.santarosa.rs.gov.br\/?p=4859","title":{"rendered":"Semana da P\u00e1tria iniciou nesta\u00a0quinta-feira"},"content":{"rendered":"\n<p><br>Na manh\u00e3 desta\u00a0quinta-feira (01), ocorreu a abertura da Semana da P\u00e1tria na Pra\u00e7a da Bandeira, em Santa Rosa. A a\u00e7\u00e3o foi organizada pela Secretaria de Educa\u00e7\u00e3o e Cultura e contou com a participa\u00e7\u00e3o de escolas, entidades e autoridades. Foi entoado o Hino Nacional e realizado o hasteamento das bandeiras. Estudantes fizeram apresenta\u00e7\u00f5es culturais em homenagem ao Brasil.<br><\/p>\n\n\n\n<p>O Fogo Simb\u00f3lico da P\u00e1tria foi recepcionado na sede dos Escoteiros Araj\u00e1s, dia 16 de agosto e conduzido ao 19\u00ba RC Mec, onde permaneceu at\u00e9\u00a0hoje. Na solenidade desta manh\u00e3, o fogo foi entregue ao Prefeito Anderson Mantei, que acendeu oficialmente a Pira da P\u00e1tria. \u201cPrecisamos resgatar os sentimentos de civismo e patriotismo. Valores que fazem toda a diferen\u00e7a na sociedade e que formam cidad\u00e3os comprometidos a fazer algo de bom pelo lugar onde se vive e que valorizam ainda mais, o nosso povo e a nossa hist\u00f3ria\u201d, destacou Anderson.<\/p>\n\n\n\n<p><br>Neste ano, o tema nacional escolhido pela Liga da Defesa Nacional do Rio Grande do Sul, \u00e9: \u201cO Bicenten\u00e1rio da Independ\u00eancia do Brasil\u201d. Uma oportunidade para reverenciar o pa\u00eds em uma data t\u00e3o significativa. Ap\u00f3s a solenidade de abertura, o Fogo Simb\u00f3lico da P\u00e1tria vai ser guarnecido por alunos das escolas do munic\u00edpio, escoteiros e por militares. O Desfile C\u00edvico Militar vai acontecer no dia\u00a007 de setembro, na Avenida Expedicion\u00e1rio Weber, com in\u00edcio previsto para \u00e0s 08h. No mesmo dia, vai ser realizado tamb\u00e9m, o encerramento da Semana da P\u00e1tria, \u00e0s 17 horas, na Pra\u00e7a da Bandeira.<\/p>\n\n\n\n<figure class=\"wp-block-image size-full\"><img fetchpriority=\"high\" decoding=\"async\" width=\"860\" height=\"645\" src=\"https:\/\/prefeitura.santarosa.rs.gov.br\/wp-content\/uploads\/2022\/09\/Formato-Site-e-Portal-860X645-JPG-79.jpg\" alt=\"\" class=\"wp-image-4860\" srcset=\"https:\/\/prefeitura.santarosa.rs.gov.br\/wp-content\/uploads\/2022\/09\/Formato-Site-e-Portal-860X645-JPG-79.jpg 860w, https:\/\/prefeitura.santarosa.rs.gov.br\/wp-content\/uploads\/2022\/09\/Formato-Site-e-Portal-860X645-JPG-79-300x225.jpg 300w, https:\/\/prefeitura.santarosa.rs.gov.br\/wp-content\/uploads\/2022\/09\/Formato-Site-e-Portal-860X645-JPG-79-768x576.jpg 768w\" sizes=\"(max-width: 860px) 100vw, 860px\" \/><\/figure>\n","protected":false},"excerpt":{"rendered":"<p>Na manh\u00e3 desta\u00a0quinta-feira (01), ocorreu a abertura da Semana da P\u00e1tria na Pra\u00e7a da Bandeira, em Santa Rosa. A a\u00e7\u00e3o<\/p>\n","protected":false},"author":5,"featured_media":4860,"comment_status":"open","ping_status":"open","sticky":false,"template":"","format":"standard","meta":{"footnotes":""},"categories":[4,18],"tags":[],"class_list":["post-4859","post","type-post","status-publish","format-standard","has-post-thumbnail","hentry","category-noticias","category-secretaria-municipal-de-educacao-e-cultura"],"aioseo_notices":[],"_links":{"self":[{"href":"https:\/\/prefeitura.santarosa.rs.gov.br\/index.php?rest_route=\/wp\/v2\/posts\/4859","targetHints":{"allow":["GET"]}}],"collection":[{"href":"https:\/\/prefeitura.santarosa.rs.gov.br\/index.php?rest_route=\/wp\/v2\/posts"}],"about":[{"href":"https:\/\/prefeitura.santarosa.rs.gov.br\/index.php?rest_route=\/wp\/v2\/types\/post"}],"author":[{"embeddable":true,"href":"https:\/\/prefeitura.santarosa.rs.gov.br\/index.php?rest_route=\/wp\/v2\/users\/5"}],"replies":[{"embeddable":true,"href":"https:\/\/prefeitura.santarosa.rs.gov.br\/index.php?rest_route=%2Fwp%2Fv2%2Fcomments&post=4859"}],"version-history":[{"count":1,"href":"https:\/\/prefeitura.santarosa.rs.gov.br\/index.php?rest_route=\/wp\/v2\/posts\/4859\/revisions"}],"predecessor-version":[{"id":4861,"href":"https:\/\/prefeitura.santarosa.rs.gov.br\/index.php?rest_route=\/wp\/v2\/posts\/4859\/revisions\/4861"}],"wp:featuredmedia":[{"embeddable":true,"href":"https:\/\/prefeitura.santarosa.rs.gov.br\/index.php?rest_route=\/wp\/v2\/media\/4860"}],"wp:attachment":[{"href":"https:\/\/prefeitura.santarosa.rs.gov.br\/index.php?rest_route=%2Fwp%2Fv2%2Fmedia&parent=4859"}],"wp:term":[{"taxonomy":"category","embeddable":true,"href":"https:\/\/prefeitura.santarosa.rs.gov.br\/index.php?rest_route=%2Fwp%2Fv2%2Fcategories&post=4859"},{"taxonomy":"post_tag","embeddable":true,"href":"https:\/\/prefeitura.santarosa.rs.gov.br\/index.php?rest_route=%2Fwp%2Fv2%2Ftags&post=4859"}],"curies":[{"name":"wp","href":"https:\/\/api.w.org\/{rel}","templated":true}]}}