{"id":4762,"date":"2022-08-25T07:59:32","date_gmt":"2022-08-25T10:59:32","guid":{"rendered":"https:\/\/prefeitura.santarosa.rs.gov.br\/?p=4762"},"modified":"2024-10-07T09:54:05","modified_gmt":"2024-10-07T12:54:05","slug":"primeira-castracao-gratuita-do-programa-melhores-amigos-bicho-sente-como-gente-e-realizada-em-santa-rosa","status":"publish","type":"post","link":"https:\/\/prefeitura.santarosa.rs.gov.br\/?p=4762","title":{"rendered":"Primeira castra\u00e7\u00e3o gratuita do Programa \u201cMelhores Amigos \u2013 Bicho sente como gente\u201d \u00e9 realizada em Santa Rosa"},"content":{"rendered":"\n<p>A equipe da Secretaria de Meio Ambiente acompanhou nesta semana, a primeira castra\u00e7\u00e3o gratuita realizada em Santa Rosa, atrav\u00e9s do programa, \u201cMelhores Amigos \u2013 Bicho Sente como Gente\u201d. Em parceria com o Estado do Rio Grande do Sul, moradores do munic\u00edpio inscritos no Cadastro \u00danico para Programas Sociais (Cad\u00danico), podem se inscrever para realizar as castra\u00e7\u00f5es de c\u00e3es e gatos de pequeno porte.<\/p>\n\n\n\n<p><br>Com os recursos investidos no programa, v\u00e3o ser realizadas 400 castra\u00e7\u00f5es de animais (c\u00e3es e gatos de at\u00e9 5kg) de rua, semidomiciliados e que pertencem a fam\u00edlias em vulnerabilidade social. O primeiro bichinho contemplado com a cirurgia foi a cachorrinha Safira, da dona de casa, Sandra Regina da Silva Aguiar. O reencontro das duas foi de muita alegria. \u201cH\u00e1 muito tempo queria realizar a castra\u00e7\u00e3o da Safira, mas nunca tive condi\u00e7\u00f5es de custear a opera\u00e7\u00e3o. Estou muito grata por este programa lan\u00e7ado pela prefeitura, que permitiu que a Safira pudesse ser contemplada\u201d, destacou Sandra.<\/p>\n\n\n\n<p><br>O Estado repassou para a prefeitura, o valor de R$ 34 mil. Para atender a demanda do servi\u00e7o, o munic\u00edpio ofertou em contrapartida, R$48.360,00. O Secret\u00e1rio de Meio Ambiente, Jo\u00e3o Dorneles, destaca que a castra\u00e7\u00e3o \u00e9 um procedimento seguro e realizada por um veterin\u00e1rio experiente, \u201cO procedimento \u00e9 tranquilo e traz benef\u00edcios para o animal e tamb\u00e9m para a sociedade, pois evita ninhadas indesejadas, reduz fugas, o risco de c\u00e2ncer e a agressividade. Outro fator importante, \u00e9 o controle populacional desses animais e o aumento da longevidade\u201d.\u00a0<\/p>\n\n\n\n<p><br>Os interessados em participar do programa, devem comparecer na prefeitura, junto ao Setor de Protocolo e apresentar: Carteira de Identidade e CPF, comprovante de endere\u00e7o e comprovante de inscri\u00e7\u00e3o no Cadastro \u00danico para Programas Sociais (Cad\u00danico). Ap\u00f3s an\u00e1lise da documenta\u00e7\u00e3o, aprova\u00e7\u00e3o e cadastro das informa\u00e7\u00f5es do requerente, ser\u00e1 emitida uma declara\u00e7\u00e3o que autoriza o agendamento da castra\u00e7\u00e3o diretamente com a cl\u00ednica veterin\u00e1ria.<\/p>\n\n\n\n<figure class=\"wp-block-image size-full\"><img fetchpriority=\"high\" decoding=\"async\" width=\"860\" height=\"645\" src=\"https:\/\/prefeitura.santarosa.rs.gov.br\/wp-content\/uploads\/2022\/08\/vet.jpg\" alt=\"\" class=\"wp-image-4763\" srcset=\"https:\/\/prefeitura.santarosa.rs.gov.br\/wp-content\/uploads\/2022\/08\/vet.jpg 860w, https:\/\/prefeitura.santarosa.rs.gov.br\/wp-content\/uploads\/2022\/08\/vet-300x225.jpg 300w, https:\/\/prefeitura.santarosa.rs.gov.br\/wp-content\/uploads\/2022\/08\/vet-768x576.jpg 768w\" sizes=\"(max-width: 860px) 100vw, 860px\" \/><\/figure>\n","protected":false},"excerpt":{"rendered":"<p>A equipe da Secretaria de Meio Ambiente acompanhou nesta semana, a primeira castra\u00e7\u00e3o gratuita realizada em Santa Rosa, atrav\u00e9s do<\/p>\n","protected":false},"author":6,"featured_media":4763,"comment_status":"closed","ping_status":"closed","sticky":false,"template":"","format":"standard","meta":{"footnotes":""},"categories":[4,20],"tags":[],"class_list":["post-4762","post","type-post","status-publish","format-standard","has-post-thumbnail","hentry","category-noticias","category-secretaria-municipal-de-meio-ambiente"],"aioseo_notices":[],"_links":{"self":[{"href":"https:\/\/prefeitura.santarosa.rs.gov.br\/index.php?rest_route=\/wp\/v2\/posts\/4762","targetHints":{"allow":["GET"]}}],"collection":[{"href":"https:\/\/prefeitura.santarosa.rs.gov.br\/index.php?rest_route=\/wp\/v2\/posts"}],"about":[{"href":"https:\/\/prefeitura.santarosa.rs.gov.br\/index.php?rest_route=\/wp\/v2\/types\/post"}],"author":[{"embeddable":true,"href":"https:\/\/prefeitura.santarosa.rs.gov.br\/index.php?rest_route=\/wp\/v2\/users\/6"}],"replies":[{"embeddable":true,"href":"https:\/\/prefeitura.santarosa.rs.gov.br\/index.php?rest_route=%2Fwp%2Fv2%2Fcomments&post=4762"}],"version-history":[{"count":1,"href":"https:\/\/prefeitura.santarosa.rs.gov.br\/index.php?rest_route=\/wp\/v2\/posts\/4762\/revisions"}],"predecessor-version":[{"id":4764,"href":"https:\/\/prefeitura.santarosa.rs.gov.br\/index.php?rest_route=\/wp\/v2\/posts\/4762\/revisions\/4764"}],"wp:featuredmedia":[{"embeddable":true,"href":"https:\/\/prefeitura.santarosa.rs.gov.br\/index.php?rest_route=\/wp\/v2\/media\/4763"}],"wp:attachment":[{"href":"https:\/\/prefeitura.santarosa.rs.gov.br\/index.php?rest_route=%2Fwp%2Fv2%2Fmedia&parent=4762"}],"wp:term":[{"taxonomy":"category","embeddable":true,"href":"https:\/\/prefeitura.santarosa.rs.gov.br\/index.php?rest_route=%2Fwp%2Fv2%2Fcategories&post=4762"},{"taxonomy":"post_tag","embeddable":true,"href":"https:\/\/prefeitura.santarosa.rs.gov.br\/index.php?rest_route=%2Fwp%2Fv2%2Ftags&post=4762"}],"curies":[{"name":"wp","href":"https:\/\/api.w.org\/{rel}","templated":true}]}}