{"id":4749,"date":"2022-08-23T16:57:29","date_gmt":"2022-08-23T19:57:29","guid":{"rendered":"https:\/\/prefeitura.santarosa.rs.gov.br\/?p=4749"},"modified":"2024-10-07T09:54:05","modified_gmt":"2024-10-07T12:54:05","slug":"obra-de-cerca-de-r-5-milhoes-da-e-m-e-i-paulo-freire-esta-em-execucao","status":"publish","type":"post","link":"https:\/\/prefeitura.santarosa.rs.gov.br\/?p=4749","title":{"rendered":"Obra de cerca de R$ 5 milh\u00f5es da E.M.E.I Paulo Freire est\u00e1 em execu\u00e7\u00e3o"},"content":{"rendered":"\n<p>A constru\u00e7\u00e3o do novo pr\u00e9dio da Escola Municipal de Educa\u00e7\u00e3o Infantil Paulo Freire est\u00e1 em execu\u00e7\u00e3o. O projeto que contempla 1.510,23m\u00b2 de \u00e1rea constru\u00edda, vai receber um investimento de aproximadamente R$ 5 milh\u00f5es. O objetivo da obra \u00e9 proporcionar um novo espa\u00e7o, com melhor infraestrutura para atender os alunos matriculados na escola.<\/p>\n\n\n\n<p>A E.M.E.I Paulo Freire atende no momento quatro turmas e funciona em uma casa alugada na Vila Pereira. Ap\u00f3s a mudan\u00e7a para o novo local, vai ser poss\u00edvel ampliar o atendimento. O Prefeito Anderson Mantei, destaca que assim que for finalizada a obra, devem ser abertas cerca de 180 novas vagas na escola, \u201cEstamos avan\u00e7ando nas obras de educa\u00e7\u00e3o. Nossa meta \u00e9 entregar escolas estruturadas e de qualidade para os nossos alunos. Esta \u00e9 mais uma demanda que est\u00e1 sendo atendida, para oferecer mais infraestrutura e qualidade de vida para toda a comunidade\u201d.<\/p>\n\n\n\n<p>A escola de Educa\u00e7\u00e3o Infantil vai atender no novo endere\u00e7o, turmas de creche e pr\u00e9-escola. J\u00e1 foram realizados os alicerces da obra, que agora est\u00e1 na fase da alvenaria. O valor do contrato \u00e9 de R$&nbsp;<a href=\"callto:4.916.195,31\">4.916.195,31<\/a>&nbsp;de recursos da prefeitura. A empresa respons\u00e1vel pela obra \u00e9 a: Servicons Constru\u00e7\u00f5es Especializadas \u2013 Eireli. O novo pr\u00e9dio fica localizado na Rua Jos\u00e9 Maic\u00e1, 75 &#8211; Vila Pereira, no bairro Cruzeiro.<\/p>\n\n\n\n<figure class=\"wp-block-image size-large\"><img fetchpriority=\"high\" decoding=\"async\" width=\"1024\" height=\"576\" src=\"https:\/\/prefeitura.santarosa.rs.gov.br\/wp-content\/uploads\/2022\/08\/EMEI-Pereira-3-1024x576.jpg\" alt=\"\" class=\"wp-image-4750\" srcset=\"https:\/\/prefeitura.santarosa.rs.gov.br\/wp-content\/uploads\/2022\/08\/EMEI-Pereira-3-1024x576.jpg 1024w, https:\/\/prefeitura.santarosa.rs.gov.br\/wp-content\/uploads\/2022\/08\/EMEI-Pereira-3-300x169.jpg 300w, https:\/\/prefeitura.santarosa.rs.gov.br\/wp-content\/uploads\/2022\/08\/EMEI-Pereira-3-768x432.jpg 768w, https:\/\/prefeitura.santarosa.rs.gov.br\/wp-content\/uploads\/2022\/08\/EMEI-Pereira-3-1536x864.jpg 1536w, https:\/\/prefeitura.santarosa.rs.gov.br\/wp-content\/uploads\/2022\/08\/EMEI-Pereira-3-2048x1152.jpg 2048w\" sizes=\"(max-width: 1024px) 100vw, 1024px\" \/><\/figure>\n","protected":false},"excerpt":{"rendered":"<p>A constru\u00e7\u00e3o do novo pr\u00e9dio da Escola Municipal de Educa\u00e7\u00e3o Infantil Paulo Freire est\u00e1 em execu\u00e7\u00e3o. O projeto que contempla<\/p>\n","protected":false},"author":6,"featured_media":4750,"comment_status":"closed","ping_status":"closed","sticky":false,"template":"","format":"standard","meta":{"footnotes":""},"categories":[4,22,3],"tags":[],"class_list":["post-4749","post","type-post","status-publish","format-standard","has-post-thumbnail","hentry","category-noticias","category-secretaria-municipal-de-planejamento-e-habitacao","category-gabinete-do-prefeito"],"aioseo_notices":[],"_links":{"self":[{"href":"https:\/\/prefeitura.santarosa.rs.gov.br\/index.php?rest_route=\/wp\/v2\/posts\/4749","targetHints":{"allow":["GET"]}}],"collection":[{"href":"https:\/\/prefeitura.santarosa.rs.gov.br\/index.php?rest_route=\/wp\/v2\/posts"}],"about":[{"href":"https:\/\/prefeitura.santarosa.rs.gov.br\/index.php?rest_route=\/wp\/v2\/types\/post"}],"author":[{"embeddable":true,"href":"https:\/\/prefeitura.santarosa.rs.gov.br\/index.php?rest_route=\/wp\/v2\/users\/6"}],"replies":[{"embeddable":true,"href":"https:\/\/prefeitura.santarosa.rs.gov.br\/index.php?rest_route=%2Fwp%2Fv2%2Fcomments&post=4749"}],"version-history":[{"count":2,"href":"https:\/\/prefeitura.santarosa.rs.gov.br\/index.php?rest_route=\/wp\/v2\/posts\/4749\/revisions"}],"predecessor-version":[{"id":4752,"href":"https:\/\/prefeitura.santarosa.rs.gov.br\/index.php?rest_route=\/wp\/v2\/posts\/4749\/revisions\/4752"}],"wp:featuredmedia":[{"embeddable":true,"href":"https:\/\/prefeitura.santarosa.rs.gov.br\/index.php?rest_route=\/wp\/v2\/media\/4750"}],"wp:attachment":[{"href":"https:\/\/prefeitura.santarosa.rs.gov.br\/index.php?rest_route=%2Fwp%2Fv2%2Fmedia&parent=4749"}],"wp:term":[{"taxonomy":"category","embeddable":true,"href":"https:\/\/prefeitura.santarosa.rs.gov.br\/index.php?rest_route=%2Fwp%2Fv2%2Fcategories&post=4749"},{"taxonomy":"post_tag","embeddable":true,"href":"https:\/\/prefeitura.santarosa.rs.gov.br\/index.php?rest_route=%2Fwp%2Fv2%2Ftags&post=4749"}],"curies":[{"name":"wp","href":"https:\/\/api.w.org\/{rel}","templated":true}]}}