{"id":4746,"date":"2022-08-23T16:41:09","date_gmt":"2022-08-23T19:41:09","guid":{"rendered":"https:\/\/prefeitura.santarosa.rs.gov.br\/?p=4746"},"modified":"2024-10-07T09:54:05","modified_gmt":"2024-10-07T12:54:05","slug":"nova-lei-geral-da-micro-e-pequena-empresa-foi-sancionada","status":"publish","type":"post","link":"https:\/\/prefeitura.santarosa.rs.gov.br\/?p=4746","title":{"rendered":"<strong>Nova Lei Geral da Micro e Pequena Empresa foi sancionada<\/strong>"},"content":{"rendered":"\n<p>O Prefeito Anderson Mantei sancionou a nova Lei Geral da Micro e Pequena Empresa \u2013 Lei Complementar 174\/2022. A nova legisla\u00e7\u00e3o foi estudada pela equipe da Secretaria de Desenvolvimento Econ\u00f4mico, Turismo e Tecnologia, com o objetivo de desburocratizar e otimizar ainda mais, o processo de registro de empresas. Com a implementa\u00e7\u00e3o da nova lei, Santa Rosa est\u00e1 sendo protagonista na simplifica\u00e7\u00e3o de registros, no intuito de separar a quest\u00e3o da legalidade do im\u00f3vel, da legaliza\u00e7\u00e3o dos empreendimentos.<\/p>\n\n\n\n<p>Antes da lei ser sancionada, quando o im\u00f3vel que estava sendo utilizado pelo empreendedor, n\u00e3o possu\u00eda carta de habita\u00e7\u00e3o, o mesmo era obrigado a buscar a legaliza\u00e7\u00e3o da edifica\u00e7\u00e3o&nbsp;para ent\u00e3o poder iniciar o neg\u00f3cio. O processo, na maioria das vezes, gerava transtornos pois, o empreendedor n\u00e3o era propriet\u00e1rio do im\u00f3vel. Dessa forma, era necess\u00e1rio contar com a boa vontade do locador, para que providenciasse os devidos encaminhamentos. O Secret\u00e1rio de Desenvolvimento Econ\u00f4mico, Odaylson Eder, ressalta que separar a quest\u00e3o da legalidade do im\u00f3vel do empreendimento \u00e9 uma atitude corajosa, \u201cPrecisamos dar condi\u00e7\u00f5es para que as empresas possam abrir suas portas de forma \u00e1gil. Com este novo procedimento, o munic\u00edpio passa a cobrar o propriet\u00e1rio do im\u00f3vel para legalizar a edifica\u00e7\u00e3o, liberando o empreendedor de tal obriga\u00e7\u00e3o&nbsp;e permitindo o funcionamento da empresa, enquanto a edifica\u00e7\u00e3o \u00e9 regularizada\u201d.<\/p>\n\n\n\n<p>A Nova Lei Geral tamb\u00e9m trata de adequar a legisla\u00e7\u00e3o municipal aos princ\u00edpios da Liberdade Econ\u00f4mica. A legisla\u00e7\u00e3o estabelece a dispensa de alvar\u00e1 para as atividades de baixo risco, partindo do princ\u00edpio da boa f\u00e9 do empreendedor. Sendo assim, a empresa pode iniciar as atividades logo ap\u00f3s o registro e o munic\u00edpio realiza a fiscaliza\u00e7\u00e3o quando entender necess\u00e1rio. A dispensa de alvar\u00e1 n\u00e3o desobriga as empresas em atender todas as normas sanit\u00e1rias, ambientais ou de bombeiros. A expectativa \u00e9 que com a nova legisla\u00e7\u00e3o, haja uma grande agiliza\u00e7\u00e3o das libera\u00e7\u00f5es das licen\u00e7as, fazendo com que os neg\u00f3cios ocorram de forma r\u00e1pida. As mudan\u00e7as tamb\u00e9m incentivam mais pessoas a empreender e desenvolver seus neg\u00f3cios em Santa Rosa. Tudo isso, estimula a economia, gera mais postos de trabalho e melhora a qualidade de vida das pessoas.<\/p>\n\n\n\n<figure class=\"wp-block-image size-full\"><img fetchpriority=\"high\" decoding=\"async\" width=\"1024\" height=\"768\" src=\"https:\/\/prefeitura.santarosa.rs.gov.br\/wp-content\/uploads\/2022\/08\/WhatsApp-Image-2022-08-23-at-16.15.08.jpeg\" alt=\"\" class=\"wp-image-4747\" srcset=\"https:\/\/prefeitura.santarosa.rs.gov.br\/wp-content\/uploads\/2022\/08\/WhatsApp-Image-2022-08-23-at-16.15.08.jpeg 1024w, https:\/\/prefeitura.santarosa.rs.gov.br\/wp-content\/uploads\/2022\/08\/WhatsApp-Image-2022-08-23-at-16.15.08-300x225.jpeg 300w, https:\/\/prefeitura.santarosa.rs.gov.br\/wp-content\/uploads\/2022\/08\/WhatsApp-Image-2022-08-23-at-16.15.08-768x576.jpeg 768w\" sizes=\"(max-width: 1024px) 100vw, 1024px\" \/><\/figure>\n","protected":false},"excerpt":{"rendered":"<p>O Prefeito Anderson Mantei sancionou a nova Lei Geral da Micro e Pequena Empresa \u2013 Lei Complementar 174\/2022. A nova<\/p>\n","protected":false},"author":6,"featured_media":4747,"comment_status":"closed","ping_status":"closed","sticky":false,"template":"","format":"standard","meta":{"footnotes":""},"categories":[4,16],"tags":[],"class_list":["post-4746","post","type-post","status-publish","format-standard","has-post-thumbnail","hentry","category-noticias","category-secretaria-municipal-de-desenvolvimento-economico-turismo-e-tecnologia"],"aioseo_notices":[],"_links":{"self":[{"href":"https:\/\/prefeitura.santarosa.rs.gov.br\/index.php?rest_route=\/wp\/v2\/posts\/4746","targetHints":{"allow":["GET"]}}],"collection":[{"href":"https:\/\/prefeitura.santarosa.rs.gov.br\/index.php?rest_route=\/wp\/v2\/posts"}],"about":[{"href":"https:\/\/prefeitura.santarosa.rs.gov.br\/index.php?rest_route=\/wp\/v2\/types\/post"}],"author":[{"embeddable":true,"href":"https:\/\/prefeitura.santarosa.rs.gov.br\/index.php?rest_route=\/wp\/v2\/users\/6"}],"replies":[{"embeddable":true,"href":"https:\/\/prefeitura.santarosa.rs.gov.br\/index.php?rest_route=%2Fwp%2Fv2%2Fcomments&post=4746"}],"version-history":[{"count":1,"href":"https:\/\/prefeitura.santarosa.rs.gov.br\/index.php?rest_route=\/wp\/v2\/posts\/4746\/revisions"}],"predecessor-version":[{"id":4748,"href":"https:\/\/prefeitura.santarosa.rs.gov.br\/index.php?rest_route=\/wp\/v2\/posts\/4746\/revisions\/4748"}],"wp:featuredmedia":[{"embeddable":true,"href":"https:\/\/prefeitura.santarosa.rs.gov.br\/index.php?rest_route=\/wp\/v2\/media\/4747"}],"wp:attachment":[{"href":"https:\/\/prefeitura.santarosa.rs.gov.br\/index.php?rest_route=%2Fwp%2Fv2%2Fmedia&parent=4746"}],"wp:term":[{"taxonomy":"category","embeddable":true,"href":"https:\/\/prefeitura.santarosa.rs.gov.br\/index.php?rest_route=%2Fwp%2Fv2%2Fcategories&post=4746"},{"taxonomy":"post_tag","embeddable":true,"href":"https:\/\/prefeitura.santarosa.rs.gov.br\/index.php?rest_route=%2Fwp%2Fv2%2Ftags&post=4746"}],"curies":[{"name":"wp","href":"https:\/\/api.w.org\/{rel}","templated":true}]}}