{"id":4701,"date":"2022-03-28T16:40:00","date_gmt":"2022-03-28T19:40:00","guid":{"rendered":"https:\/\/prefeitura.santarosa.rs.gov.br\/?p=4701"},"modified":"2024-10-07T09:54:26","modified_gmt":"2024-10-07T12:54:26","slug":"mais-de-500-doses-contra-a-covid-19-aplicadas-na-ultima-semana","status":"publish","type":"post","link":"https:\/\/prefeitura.santarosa.rs.gov.br\/?p=4701","title":{"rendered":"Mais de 500 doses contra a COVID-19 aplicadas na \u00faltima semana"},"content":{"rendered":"\n<p>A Central de Vacinas da FUMSSAR fica localizada na Rua Dr. Francisco Timm, 480 &#8211; centro, no subsolo (entrada pela lateral). O hor\u00e1rio de atendimento \u00e9 das 07h30min \u00e0s 11h e das 13h30min \u00e0s 17h.<\/p>\n\n\n\n<p>A equipe da Funda\u00e7\u00e3o Municipal de Sa\u00fade de Santa Rosa, aplicou na Central de Vacinas, 520 doses contra a COVID-19, na \u00faltima semana. A imuniza\u00e7\u00e3o segue dispon\u00edvel para primeira, segunda e terceira dose, de segunda \u00e0 sexta-feira. At\u00e9 o momento, j\u00e1 foram realizadas 150.963 vacinas. Do total, 65.102 foram de D1 (Primeira Dose), essa quantidade corresponde a 88% da popula\u00e7\u00e3o vacinada, 58.252 de D2 (Segunda Dose) e 2.264 de D.U (Dose \u00fanica).<br><br>Com o avan\u00e7o da vacina\u00e7\u00e3o, 60.516 pessoas est\u00e3o com a imuniza\u00e7\u00e3o completa, 82% dos santa-rosenses. 24.855 s\u00e3o de D.R (Doses de Refor\u00e7o), ou seja, 41% das pessoas que j\u00e1 t\u00eam a segunda dose ou a dose \u00fanica realizaram o refor\u00e7o. Al\u00e9m disso, foram aplicadas tamb\u00e9m, 490 doses adicionais. Podem se vacinar crian\u00e7as de 05 a 11 anos nas Unidades B\u00e1sicas de Sa\u00fade, mediante agendamento pr\u00e9vio. \u00c9 necess\u00e1rio o acompanhamento dos pais ou respons\u00e1veis e apresentar certid\u00e3o de nascimento, cart\u00e3o SUS e a caderneta de vacina\u00e7\u00e3o.<br><br>Na Central de Vacinas, a primeira dose est\u00e1 dispon\u00edvel a partir dos 12 anos. As segundas doses, (D2) de Coronavac s\u00e3o realizadas ap\u00f3s 28 dias da primeira dose. Astrazeneca e Pfizer, ap\u00f3s oito semanas da primeira aplica\u00e7\u00e3o. As doses de refor\u00e7o (DR) s\u00e3o realizadas para pessoas acima de 18 anos que fizeram a segunda dose h\u00e1 04 meses. No caso do imunizante da Janssen, a Dose de Refor\u00e7o \u00e9 realizada com um intervalo de 2 a 6 meses ap\u00f3s a primeira dose. Para realizar a imuniza\u00e7\u00e3o, \u00e9 necess\u00e1rio levar documento com foto, CPF, cart\u00e3o SUS e a caderneta de vacina\u00e7\u00e3o. Os jovens, dos 12 aos 15 anos, precisam ir acompanhados dos pais ou respons\u00e1vel legal.<br><br>A Central de Vacinas da FUMSSAR fica localizada na Rua Dr. Francisco Timm, 480 &#8211; centro, no subsolo (entrada pela lateral). O hor\u00e1rio de atendimento \u00e9 das 07h30min \u00e0s 11h e das 13h30min \u00e0s 17h. Nas quartas-feiras, o hor\u00e1rio \u00e9 estendido at\u00e9 \u00e0s 19h30min. N\u00e3o \u00e9 necess\u00e1rio realizar o agendamento. O atendimento acontece por ordem de chegada.<\/p>\n","protected":false},"excerpt":{"rendered":"<p>A Central de Vacinas da FUMSSAR fica localizada na Rua Dr. Francisco Timm, 480 &#8211; centro, no subsolo (entrada pela<\/p>\n","protected":false},"author":3,"featured_media":4702,"comment_status":"open","ping_status":"open","sticky":false,"template":"","format":"standard","meta":{"footnotes":""},"categories":[4,8],"tags":[],"class_list":["post-4701","post","type-post","status-publish","format-standard","has-post-thumbnail","hentry","category-noticias","category-noticias-fumssar"],"aioseo_notices":[],"_links":{"self":[{"href":"https:\/\/prefeitura.santarosa.rs.gov.br\/index.php?rest_route=\/wp\/v2\/posts\/4701","targetHints":{"allow":["GET"]}}],"collection":[{"href":"https:\/\/prefeitura.santarosa.rs.gov.br\/index.php?rest_route=\/wp\/v2\/posts"}],"about":[{"href":"https:\/\/prefeitura.santarosa.rs.gov.br\/index.php?rest_route=\/wp\/v2\/types\/post"}],"author":[{"embeddable":true,"href":"https:\/\/prefeitura.santarosa.rs.gov.br\/index.php?rest_route=\/wp\/v2\/users\/3"}],"replies":[{"embeddable":true,"href":"https:\/\/prefeitura.santarosa.rs.gov.br\/index.php?rest_route=%2Fwp%2Fv2%2Fcomments&post=4701"}],"version-history":[{"count":1,"href":"https:\/\/prefeitura.santarosa.rs.gov.br\/index.php?rest_route=\/wp\/v2\/posts\/4701\/revisions"}],"predecessor-version":[{"id":4703,"href":"https:\/\/prefeitura.santarosa.rs.gov.br\/index.php?rest_route=\/wp\/v2\/posts\/4701\/revisions\/4703"}],"wp:featuredmedia":[{"embeddable":true,"href":"https:\/\/prefeitura.santarosa.rs.gov.br\/index.php?rest_route=\/wp\/v2\/media\/4702"}],"wp:attachment":[{"href":"https:\/\/prefeitura.santarosa.rs.gov.br\/index.php?rest_route=%2Fwp%2Fv2%2Fmedia&parent=4701"}],"wp:term":[{"taxonomy":"category","embeddable":true,"href":"https:\/\/prefeitura.santarosa.rs.gov.br\/index.php?rest_route=%2Fwp%2Fv2%2Fcategories&post=4701"},{"taxonomy":"post_tag","embeddable":true,"href":"https:\/\/prefeitura.santarosa.rs.gov.br\/index.php?rest_route=%2Fwp%2Fv2%2Ftags&post=4701"}],"curies":[{"name":"wp","href":"https:\/\/api.w.org\/{rel}","templated":true}]}}