{"id":4624,"date":"2022-03-17T16:04:00","date_gmt":"2022-03-17T19:04:00","guid":{"rendered":"https:\/\/prefeitura.santarosa.rs.gov.br\/?p=4624"},"modified":"2024-10-07T09:54:27","modified_gmt":"2024-10-07T12:54:27","slug":"conselho-tutelar-realiza-o-lancamento-do-projeto-escola-de-pais","status":"publish","type":"post","link":"https:\/\/prefeitura.santarosa.rs.gov.br\/?p=4624","title":{"rendered":"Conselho Tutelar realiza o lan\u00e7amento do Projeto: Escola de Pais"},"content":{"rendered":"\n<p>O evento aconteceu no Centro C\u00edvico Cultural, Ant\u00f4nio Carlos Borges e reuniu diversas autoridades.<\/p>\n\n\n\n<p>O Conselho Tutelar de Santa Rosa realizou nesta quarta-feira (16), o lan\u00e7amento do Projeto: Escola de Pais. O projeto conta com o apoio da Prefeitura de Santa Rosa, por meio da Secretaria de Desenvolvimento Social, do Minist\u00e9rio P\u00fablico e do COMUDICAS \u2013 Conselho Municipal dos Direitos da Crian\u00e7a e do Adolescente. O evento aconteceu no Centro C\u00edvico Cultural, Ant\u00f4nio Carlos Borges e reuniu diversas autoridades. Na oportunidade, foram realizadas palestras e apresenta\u00e7\u00e3o musical.<\/p>\n\n\n\n<p>A atividade contou com a participa\u00e7\u00e3o de dois palestrantes, um Juiz de Direito do Mato Grosso, Dr. Valter Fabr\u00edcio Simioni Silva e da consultora, palestrante, professora e ex-Conselheira Tutelar, Maduca Lopes. Ambos falaram sobre os benef\u00edcios e resultados da Escola de Pais e o papel do Conselho Tutelar na sociedade. O projeto vai ser desenvolvido gratuitamente, nas escolas e institui\u00e7\u00f5es que realizarem sua inscri\u00e7\u00e3o no Conselho Tutelar de Santa Rosa. O vice-prefeito Aldemir Ulrich destacou a import\u00e2ncia do projeto para a sociedade, \u201cSabemos que a fam\u00edlia \u00e9 a c\u00e9lula da sociedade, e sua estrutura\u00e7\u00e3o reflete na mesma, por isso, o projeto Escola de Pais, surge como uma ferramenta auxiliar, na orienta\u00e7\u00e3o e forma\u00e7\u00e3o dos indiv\u00edduos, na fam\u00edlia e na escola, resultando em uma sociedade organizada\u201d.<\/p>\n\n\n\n<p>O Projeto Escola de Pais engloba ao todo, 7 palestras, com as seguintes tem\u00e1ticas: Leis: Direitos e Deveres; Finan\u00e7as em Fam\u00edlia: Como chegar at\u00e9 o final do M\u00eas; Educa\u00e7\u00e3o para filhos: Como educar seu Filho!; Como preparar seu filho para o Mercado de Trabalho; Espiritualidade, a base para um momento dif\u00edcil; Cuidando da sa\u00fade mental e afetividade familiar e A necessidade da presen\u00e7a dos pais na escola para o bom desenvolvimento escolar do Filho. Todas as palestras e orienta\u00e7\u00f5es v\u00e3o ser abordadas por profissionais de Santa Rosa, reconhecidos por sua atua\u00e7\u00e3o no assunto proposto, que v\u00e3o estar voluntariamente explanando seus conhecimentos.<\/p>\n","protected":false},"excerpt":{"rendered":"<p>O evento aconteceu no Centro C\u00edvico Cultural, Ant\u00f4nio Carlos Borges e reuniu diversas autoridades. O Conselho Tutelar de Santa Rosa<\/p>\n","protected":false},"author":3,"featured_media":4626,"comment_status":"open","ping_status":"open","sticky":false,"template":"","format":"standard","meta":{"footnotes":""},"categories":[4,17],"tags":[],"class_list":["post-4624","post","type-post","status-publish","format-standard","has-post-thumbnail","hentry","category-noticias","category-secretaria-municipal-de-desenvolvimento-social"],"aioseo_notices":[],"_links":{"self":[{"href":"https:\/\/prefeitura.santarosa.rs.gov.br\/index.php?rest_route=\/wp\/v2\/posts\/4624","targetHints":{"allow":["GET"]}}],"collection":[{"href":"https:\/\/prefeitura.santarosa.rs.gov.br\/index.php?rest_route=\/wp\/v2\/posts"}],"about":[{"href":"https:\/\/prefeitura.santarosa.rs.gov.br\/index.php?rest_route=\/wp\/v2\/types\/post"}],"author":[{"embeddable":true,"href":"https:\/\/prefeitura.santarosa.rs.gov.br\/index.php?rest_route=\/wp\/v2\/users\/3"}],"replies":[{"embeddable":true,"href":"https:\/\/prefeitura.santarosa.rs.gov.br\/index.php?rest_route=%2Fwp%2Fv2%2Fcomments&post=4624"}],"version-history":[{"count":1,"href":"https:\/\/prefeitura.santarosa.rs.gov.br\/index.php?rest_route=\/wp\/v2\/posts\/4624\/revisions"}],"predecessor-version":[{"id":4627,"href":"https:\/\/prefeitura.santarosa.rs.gov.br\/index.php?rest_route=\/wp\/v2\/posts\/4624\/revisions\/4627"}],"wp:featuredmedia":[{"embeddable":true,"href":"https:\/\/prefeitura.santarosa.rs.gov.br\/index.php?rest_route=\/wp\/v2\/media\/4626"}],"wp:attachment":[{"href":"https:\/\/prefeitura.santarosa.rs.gov.br\/index.php?rest_route=%2Fwp%2Fv2%2Fmedia&parent=4624"}],"wp:term":[{"taxonomy":"category","embeddable":true,"href":"https:\/\/prefeitura.santarosa.rs.gov.br\/index.php?rest_route=%2Fwp%2Fv2%2Fcategories&post=4624"},{"taxonomy":"post_tag","embeddable":true,"href":"https:\/\/prefeitura.santarosa.rs.gov.br\/index.php?rest_route=%2Fwp%2Fv2%2Ftags&post=4624"}],"curies":[{"name":"wp","href":"https:\/\/api.w.org\/{rel}","templated":true}]}}