{"id":4618,"date":"2022-03-15T16:01:00","date_gmt":"2022-03-15T19:01:00","guid":{"rendered":"https:\/\/prefeitura.santarosa.rs.gov.br\/?p=4618"},"modified":"2024-10-07T09:54:27","modified_gmt":"2024-10-07T12:54:27","slug":"decreto-no-47-de-9-de-marco-de-2022","status":"publish","type":"post","link":"https:\/\/prefeitura.santarosa.rs.gov.br\/?p=4618","title":{"rendered":"Decreto N\u00ba 47, de 9 de mar\u00e7o de 2022"},"content":{"rendered":"\n<p>continua sendo obrigat\u00f3rio o uso de m\u00e1scara de prote\u00e7\u00e3o facial para os servi\u00e7os p\u00fablicos e privados de sa\u00fade<\/p>\n\n\n\n<p>Conforme determina o Decreto N\u00ba 47, de 9 de mar\u00e7o de 2022, continua sendo obrigat\u00f3rio o uso de m\u00e1scara de prote\u00e7\u00e3o facial para os servi\u00e7os p\u00fablicos e privados de sa\u00fade, pelos trabalhadores de sa\u00fade, inclusive estagi\u00e1rios, pacientes, acompanhantes ou visitantes, e, ainda, a pessoa que se encontre infectada ou com suspeita de estar contaminada, seja por contato pr\u00f3ximo de pessoa infectada com o novo Coronav\u00edrus, durante o per\u00edodo de transmiss\u00e3o ou que apresente sintomas gripais.<br><br>Sendo assim, a Funda\u00e7\u00e3o Municipal de Sa\u00fade de Santa Rosa refor\u00e7a a obrigatoriedade do uso da m\u00e1scara para servidores e a popula\u00e7\u00e3o nas depend\u00eancias da FUMSSAR e nas Unidades B\u00e1sicas de Sa\u00fade.<\/p>\n","protected":false},"excerpt":{"rendered":"<p>continua sendo obrigat\u00f3rio o uso de m\u00e1scara de prote\u00e7\u00e3o facial para os servi\u00e7os p\u00fablicos e privados de sa\u00fade Conforme determina<\/p>\n","protected":false},"author":3,"featured_media":4619,"comment_status":"open","ping_status":"open","sticky":false,"template":"","format":"standard","meta":{"footnotes":""},"categories":[4,8],"tags":[],"class_list":["post-4618","post","type-post","status-publish","format-standard","has-post-thumbnail","hentry","category-noticias","category-noticias-fumssar"],"aioseo_notices":[],"_links":{"self":[{"href":"https:\/\/prefeitura.santarosa.rs.gov.br\/index.php?rest_route=\/wp\/v2\/posts\/4618","targetHints":{"allow":["GET"]}}],"collection":[{"href":"https:\/\/prefeitura.santarosa.rs.gov.br\/index.php?rest_route=\/wp\/v2\/posts"}],"about":[{"href":"https:\/\/prefeitura.santarosa.rs.gov.br\/index.php?rest_route=\/wp\/v2\/types\/post"}],"author":[{"embeddable":true,"href":"https:\/\/prefeitura.santarosa.rs.gov.br\/index.php?rest_route=\/wp\/v2\/users\/3"}],"replies":[{"embeddable":true,"href":"https:\/\/prefeitura.santarosa.rs.gov.br\/index.php?rest_route=%2Fwp%2Fv2%2Fcomments&post=4618"}],"version-history":[{"count":1,"href":"https:\/\/prefeitura.santarosa.rs.gov.br\/index.php?rest_route=\/wp\/v2\/posts\/4618\/revisions"}],"predecessor-version":[{"id":4620,"href":"https:\/\/prefeitura.santarosa.rs.gov.br\/index.php?rest_route=\/wp\/v2\/posts\/4618\/revisions\/4620"}],"wp:featuredmedia":[{"embeddable":true,"href":"https:\/\/prefeitura.santarosa.rs.gov.br\/index.php?rest_route=\/wp\/v2\/media\/4619"}],"wp:attachment":[{"href":"https:\/\/prefeitura.santarosa.rs.gov.br\/index.php?rest_route=%2Fwp%2Fv2%2Fmedia&parent=4618"}],"wp:term":[{"taxonomy":"category","embeddable":true,"href":"https:\/\/prefeitura.santarosa.rs.gov.br\/index.php?rest_route=%2Fwp%2Fv2%2Fcategories&post=4618"},{"taxonomy":"post_tag","embeddable":true,"href":"https:\/\/prefeitura.santarosa.rs.gov.br\/index.php?rest_route=%2Fwp%2Fv2%2Ftags&post=4618"}],"curies":[{"name":"wp","href":"https:\/\/api.w.org\/{rel}","templated":true}]}}