{"id":4609,"date":"2022-03-14T15:57:00","date_gmt":"2022-03-14T18:57:00","guid":{"rendered":"https:\/\/prefeitura.santarosa.rs.gov.br\/?p=4609"},"modified":"2024-10-07T09:54:27","modified_gmt":"2024-10-07T12:54:27","slug":"desenvolvimento-social-realiza-treinamento-para-o-conselho-tutelar","status":"publish","type":"post","link":"https:\/\/prefeitura.santarosa.rs.gov.br\/?p=4609","title":{"rendered":"Desenvolvimento Social realiza treinamento para o Conselho Tutelar"},"content":{"rendered":"\n<p>O objetivo foi proporcionar uma forma\u00e7\u00e3o introdut\u00f3ria de reciclagem das atividades e fun\u00e7\u00f5es do Conselho Tutelar e melhorar cada vez mais a rede de atendimento.<\/p>\n\n\n\n<p>A Secretaria de Desenvolvimento Social realizou um treinamento on-line para o Conselho Tutelar e atores do Sistema de Garantia de Direitos. O objetivo foi proporcionar uma forma\u00e7\u00e3o introdut\u00f3ria de reciclagem das atividades e fun\u00e7\u00f5es do Conselho Tutelar e melhorar cada vez mais a rede de atendimento.<br><br>O docente respons\u00e1vel pela condu\u00e7\u00e3o das aulas foi Roberto Fuck de Almeida. Os temas abordados foram: direitos fundamentais, atribui\u00e7\u00f5es do Conselho Tutelar, ato infracional, indisciplina escolar, atribui\u00e7\u00f5es do Minist\u00e9rio P\u00fablico e da Vara da Inf\u00e2ncia. Tamb\u00e9m foram tratados temas como: sa\u00fade, assist\u00eancia, educa\u00e7\u00e3o, viol\u00eancias e viola\u00e7\u00f5es, not\u00edcia de fato, representa\u00e7\u00e3o e requisi\u00e7\u00f5es. A carga hor\u00e1ria \u00e9 de oito horas. Para Rita Strasser, Secret\u00e1ria de Desenvolvimento Social, este \u00e9 mais um importante passo no desenvolvimento dos conselheiros tutelares, \u201cTemos muitos desafios no dia a dia, e nosso prop\u00f3sito \u00e9 realizar um atendimento de qualidade e com capacita\u00e7\u00e3o, para o p\u00fablico que nos procura em busca de prote\u00e7\u00e3o, defesa e muitos outros casos. O treinamento proporcionou conhecimento e seguran\u00e7a para uma atua\u00e7\u00e3o profissional ainda mais qualificada\u201d, destacou Rita.<br><br>Participaram da forma\u00e7\u00e3o, conselheiros tutelares, presidentes e vice presidentes e conselheiros do CMDCA, atores do Sistema de Garantia de Direitos, trabalhadores das Pol\u00edticas P\u00fablicas, t\u00e9cnicos do Judici\u00e1rio e Minist\u00e9rio P\u00fablico.<\/p>\n","protected":false},"excerpt":{"rendered":"<p>O objetivo foi proporcionar uma forma\u00e7\u00e3o introdut\u00f3ria de reciclagem das atividades e fun\u00e7\u00f5es do Conselho Tutelar e melhorar cada vez<\/p>\n","protected":false},"author":3,"featured_media":4610,"comment_status":"open","ping_status":"open","sticky":false,"template":"","format":"standard","meta":{"footnotes":""},"categories":[17],"tags":[],"class_list":["post-4609","post","type-post","status-publish","format-standard","has-post-thumbnail","hentry","category-secretaria-municipal-de-desenvolvimento-social"],"aioseo_notices":[],"_links":{"self":[{"href":"https:\/\/prefeitura.santarosa.rs.gov.br\/index.php?rest_route=\/wp\/v2\/posts\/4609","targetHints":{"allow":["GET"]}}],"collection":[{"href":"https:\/\/prefeitura.santarosa.rs.gov.br\/index.php?rest_route=\/wp\/v2\/posts"}],"about":[{"href":"https:\/\/prefeitura.santarosa.rs.gov.br\/index.php?rest_route=\/wp\/v2\/types\/post"}],"author":[{"embeddable":true,"href":"https:\/\/prefeitura.santarosa.rs.gov.br\/index.php?rest_route=\/wp\/v2\/users\/3"}],"replies":[{"embeddable":true,"href":"https:\/\/prefeitura.santarosa.rs.gov.br\/index.php?rest_route=%2Fwp%2Fv2%2Fcomments&post=4609"}],"version-history":[{"count":1,"href":"https:\/\/prefeitura.santarosa.rs.gov.br\/index.php?rest_route=\/wp\/v2\/posts\/4609\/revisions"}],"predecessor-version":[{"id":4611,"href":"https:\/\/prefeitura.santarosa.rs.gov.br\/index.php?rest_route=\/wp\/v2\/posts\/4609\/revisions\/4611"}],"wp:featuredmedia":[{"embeddable":true,"href":"https:\/\/prefeitura.santarosa.rs.gov.br\/index.php?rest_route=\/wp\/v2\/media\/4610"}],"wp:attachment":[{"href":"https:\/\/prefeitura.santarosa.rs.gov.br\/index.php?rest_route=%2Fwp%2Fv2%2Fmedia&parent=4609"}],"wp:term":[{"taxonomy":"category","embeddable":true,"href":"https:\/\/prefeitura.santarosa.rs.gov.br\/index.php?rest_route=%2Fwp%2Fv2%2Fcategories&post=4609"},{"taxonomy":"post_tag","embeddable":true,"href":"https:\/\/prefeitura.santarosa.rs.gov.br\/index.php?rest_route=%2Fwp%2Fv2%2Ftags&post=4609"}],"curies":[{"name":"wp","href":"https:\/\/api.w.org\/{rel}","templated":true}]}}