{"id":4583,"date":"2022-03-09T18:05:00","date_gmt":"2022-03-09T21:05:00","guid":{"rendered":"https:\/\/prefeitura.santarosa.rs.gov.br\/?p=4583"},"modified":"2024-10-07T09:54:27","modified_gmt":"2024-10-07T12:54:27","slug":"fumssar-retoma-fornecimento-de-oculos","status":"publish","type":"post","link":"https:\/\/prefeitura.santarosa.rs.gov.br\/?p=4583","title":{"rendered":"FUMSSAR retoma fornecimento de \u00f3culos"},"content":{"rendered":"\n<p>O encaminhamento para a solicita\u00e7\u00e3o de \u00f3culos pelo SUS \u00e9 feito pela Unidade B\u00e1sica de Sa\u00fade e acontece ap\u00f3s a realiza\u00e7\u00e3o de uma consulta especializada.<\/p>\n\n\n\n<p>Fornecimento de lentes, arma\u00e7\u00f5es e montagem de \u00f3culos para os pacientes do SUS. Nesta ter\u00e7a-feira (08), foi assinada a Ata de Registro de Pre\u00e7os, referente ao Preg\u00e3o Presencial 02\/2022. A assinatura aconteceu na Funda\u00e7\u00e3o Municipal de Sa\u00fade de Santa Rosa com a presen\u00e7a da empresa vencedora da licita\u00e7\u00e3o. Em fun\u00e7\u00e3o da demanda, est\u00e1 sendo organizado o fluxo dos atendimentos com a \u00f3tica respons\u00e1vel. O processo do fornecimento de \u00f3culos vai ser retomado a partir de segunda-feira (14), no protocolo da FUMSSAR.<br><br>O Diretor Administrativo, Rog\u00e9rio Silva Santos que est\u00e1 interinamente na presid\u00eancia da FUMSSAR, participou do ato e falou sobre o servi\u00e7o prestado, \u201cEsse \u00e9 um servi\u00e7o de grande import\u00e2ncia para a popula\u00e7\u00e3o. Estamos nos organizando internamente para atender todas as solicita\u00e7\u00f5es e orientar o passo a passo de todo o processo, onde o paciente, ao final, vai receber gratuitamente o \u00f3culos, conforme a receita do profissional m\u00e9dico\u201d. O encaminhamento para a solicita\u00e7\u00e3o de \u00f3culos pelo SUS \u00e9 feito pela Unidade B\u00e1sica de Sa\u00fade e acontece ap\u00f3s a realiza\u00e7\u00e3o de uma consulta especializada.<br><br>Ap\u00f3s a consulta, a UBS direciona o paciente ou seu respons\u00e1vel, caso seja menor de idade, para o setor de Protocolo da FUMSSAR. Para abrir um processo administrativo, o usu\u00e1rio precisa apresentar a prescri\u00e7\u00e3o m\u00e9dica original (prescri\u00e7\u00e3o dos \u00f3culos de grau), documentos pessoais e um comprovante de endere\u00e7o. Feita a abertura do processo, o paciente \u00e9 identificado pelo banco de dados do sistema de sa\u00fade municipal e os dados s\u00e3o inseridos no protocolo. O exame m\u00e9dico, obrigatoriamente \u00e9 escaneado e anexado no processo digital. Em sequ\u00eancia, \u00e9 emitida uma autoriza\u00e7\u00e3o digital para que o paciente v\u00e1 at\u00e9 a empresa vencedora da licita\u00e7\u00e3o para a confec\u00e7\u00e3o do \u00f3culos.<\/p>\n","protected":false},"excerpt":{"rendered":"<p>O encaminhamento para a solicita\u00e7\u00e3o de \u00f3culos pelo SUS \u00e9 feito pela Unidade B\u00e1sica de Sa\u00fade e acontece ap\u00f3s a<\/p>\n","protected":false},"author":3,"featured_media":4584,"comment_status":"open","ping_status":"open","sticky":false,"template":"","format":"standard","meta":{"footnotes":""},"categories":[4,8],"tags":[],"class_list":["post-4583","post","type-post","status-publish","format-standard","has-post-thumbnail","hentry","category-noticias","category-noticias-fumssar"],"aioseo_notices":[],"_links":{"self":[{"href":"https:\/\/prefeitura.santarosa.rs.gov.br\/index.php?rest_route=\/wp\/v2\/posts\/4583","targetHints":{"allow":["GET"]}}],"collection":[{"href":"https:\/\/prefeitura.santarosa.rs.gov.br\/index.php?rest_route=\/wp\/v2\/posts"}],"about":[{"href":"https:\/\/prefeitura.santarosa.rs.gov.br\/index.php?rest_route=\/wp\/v2\/types\/post"}],"author":[{"embeddable":true,"href":"https:\/\/prefeitura.santarosa.rs.gov.br\/index.php?rest_route=\/wp\/v2\/users\/3"}],"replies":[{"embeddable":true,"href":"https:\/\/prefeitura.santarosa.rs.gov.br\/index.php?rest_route=%2Fwp%2Fv2%2Fcomments&post=4583"}],"version-history":[{"count":1,"href":"https:\/\/prefeitura.santarosa.rs.gov.br\/index.php?rest_route=\/wp\/v2\/posts\/4583\/revisions"}],"predecessor-version":[{"id":4585,"href":"https:\/\/prefeitura.santarosa.rs.gov.br\/index.php?rest_route=\/wp\/v2\/posts\/4583\/revisions\/4585"}],"wp:featuredmedia":[{"embeddable":true,"href":"https:\/\/prefeitura.santarosa.rs.gov.br\/index.php?rest_route=\/wp\/v2\/media\/4584"}],"wp:attachment":[{"href":"https:\/\/prefeitura.santarosa.rs.gov.br\/index.php?rest_route=%2Fwp%2Fv2%2Fmedia&parent=4583"}],"wp:term":[{"taxonomy":"category","embeddable":true,"href":"https:\/\/prefeitura.santarosa.rs.gov.br\/index.php?rest_route=%2Fwp%2Fv2%2Fcategories&post=4583"},{"taxonomy":"post_tag","embeddable":true,"href":"https:\/\/prefeitura.santarosa.rs.gov.br\/index.php?rest_route=%2Fwp%2Fv2%2Ftags&post=4583"}],"curies":[{"name":"wp","href":"https:\/\/api.w.org\/{rel}","templated":true}]}}