{"id":4580,"date":"2022-03-09T18:04:00","date_gmt":"2022-03-09T21:04:00","guid":{"rendered":"https:\/\/prefeitura.santarosa.rs.gov.br\/?p=4580"},"modified":"2024-10-07T09:54:27","modified_gmt":"2024-10-07T12:54:27","slug":"prefeito-realiza-agendas-na-expodireto-cotrijal","status":"publish","type":"post","link":"https:\/\/prefeitura.santarosa.rs.gov.br\/?p=4580","title":{"rendered":"Prefeito realiza agendas na Expodireto Cotrijal"},"content":{"rendered":"\n<p>Foram dois dias intensos de assuntos importantes para Santa Rosa.<\/p>\n\n\n\n<p>Nesta semana, o Prefeito Anderson Mantei participou do ato de abertura da Expodireto Cotrijal 2022. A feira est\u00e1 acontecendo na cidade de N\u00e3o-me-Toque. Na oportunidade, Anderson conversou com diversas autoridades presentes no local. Tamb\u00e9m participou de importantes reuni\u00f5es para tratar sobre pautas de Santa Rosa, e em especial, para junto com o presidente da Fenasoja, realizar convites para a feira.<br><br>Durante dois dias, Anderson Mantei e Elias Dallalba realizaram diversas agendas na feira para convidar autoridades, entidades, empresas e pol\u00edticos para participarem da Fenasoja 2022. Acompanhado do Deputado Estadual Ernani Polo, do Secret\u00e1rio de Desenvolvimento Econ\u00f4mico, Odaylson Eder e do Diretor Paulo Kunkel, o prefeito realizou importantes atividades. Ele refor\u00e7ou a import\u00e2ncia do projeto da ERS 344 para Juvir Costella, Secret\u00e1rio de Log\u00edstica e Transportes e Luciano Faustino, Diretor Geral do Daer. Durante as visitas esteve com Nardes, Ministro do Tribunal de Contas e tratou de assuntos com Hiratan Pinheiro da Silva, Superintendente do DNIT e com o Senador Lasier Martins.<br><br>Anderson participou de uma reuni\u00e3o com a Presidente da FEPAM, Marjorie Kauffmann. Na oportunidade, foi tratado o projeto de amplia\u00e7\u00e3o do aeroporto de Santa Rosa, \u201cEsta foi uma das principais agendas que realizamos nesses dias de feira, pois tivemos oportunidade de avan\u00e7ar nessa important\u00edssima pauta que tanto estamos trabalhando desde o in\u00edcio do Governo, o Aeroporto \u00e9 com certeza uma de nossas principais demandas para o desenvolvimento\u201d. O prefeito tamb\u00e9m esteve com o General Paix\u00e3o, General Stumpf e com o Deputado Federal Sanderson. Na sequ\u00eancia das agendas, esteve reunido com o Presidente do Banrisul, Cl\u00e1udio Coutinho, com o Diretor Comercial Fernando Pist\u00e3o e com o Deputado Ernani Polo para tratar da Fenasoja. O convite para a feira tamb\u00e9m foi refor\u00e7ado para o Superintendente da Caixa, assim como para o Presidente da Cotrijal, Nei Manica. Foram dois dias intensos de assuntos importantes para Santa Rosa.<br><\/p>\n","protected":false},"excerpt":{"rendered":"<p>Foram dois dias intensos de assuntos importantes para Santa Rosa. Nesta semana, o Prefeito Anderson Mantei participou do ato de<\/p>\n","protected":false},"author":3,"featured_media":4581,"comment_status":"open","ping_status":"open","sticky":false,"template":"","format":"standard","meta":{"footnotes":""},"categories":[4,3],"tags":[],"class_list":["post-4580","post","type-post","status-publish","format-standard","has-post-thumbnail","hentry","category-noticias","category-gabinete-do-prefeito"],"aioseo_notices":[],"_links":{"self":[{"href":"https:\/\/prefeitura.santarosa.rs.gov.br\/index.php?rest_route=\/wp\/v2\/posts\/4580","targetHints":{"allow":["GET"]}}],"collection":[{"href":"https:\/\/prefeitura.santarosa.rs.gov.br\/index.php?rest_route=\/wp\/v2\/posts"}],"about":[{"href":"https:\/\/prefeitura.santarosa.rs.gov.br\/index.php?rest_route=\/wp\/v2\/types\/post"}],"author":[{"embeddable":true,"href":"https:\/\/prefeitura.santarosa.rs.gov.br\/index.php?rest_route=\/wp\/v2\/users\/3"}],"replies":[{"embeddable":true,"href":"https:\/\/prefeitura.santarosa.rs.gov.br\/index.php?rest_route=%2Fwp%2Fv2%2Fcomments&post=4580"}],"version-history":[{"count":1,"href":"https:\/\/prefeitura.santarosa.rs.gov.br\/index.php?rest_route=\/wp\/v2\/posts\/4580\/revisions"}],"predecessor-version":[{"id":4582,"href":"https:\/\/prefeitura.santarosa.rs.gov.br\/index.php?rest_route=\/wp\/v2\/posts\/4580\/revisions\/4582"}],"wp:featuredmedia":[{"embeddable":true,"href":"https:\/\/prefeitura.santarosa.rs.gov.br\/index.php?rest_route=\/wp\/v2\/media\/4581"}],"wp:attachment":[{"href":"https:\/\/prefeitura.santarosa.rs.gov.br\/index.php?rest_route=%2Fwp%2Fv2%2Fmedia&parent=4580"}],"wp:term":[{"taxonomy":"category","embeddable":true,"href":"https:\/\/prefeitura.santarosa.rs.gov.br\/index.php?rest_route=%2Fwp%2Fv2%2Fcategories&post=4580"},{"taxonomy":"post_tag","embeddable":true,"href":"https:\/\/prefeitura.santarosa.rs.gov.br\/index.php?rest_route=%2Fwp%2Fv2%2Ftags&post=4580"}],"curies":[{"name":"wp","href":"https:\/\/api.w.org\/{rel}","templated":true}]}}