{"id":4515,"date":"2022-03-03T15:32:00","date_gmt":"2022-03-03T18:32:00","guid":{"rendered":"https:\/\/prefeitura.santarosa.rs.gov.br\/?p=4515"},"modified":"2024-10-07T09:54:27","modified_gmt":"2024-10-07T12:54:27","slug":"fumssar-realiza-visita-tecnica-na-ubs-agricola","status":"publish","type":"post","link":"https:\/\/prefeitura.santarosa.rs.gov.br\/?p=4515","title":{"rendered":"FUMSSAR realiza visita t\u00e9cnica na UBS Agr\u00edcola"},"content":{"rendered":"\n<p>O objetivo foi verificar a situa\u00e7\u00e3o dos atendimentos aos usu\u00e1rios do SUS<\/p>\n\n\n\n<p>A Funda\u00e7\u00e3o Municipal de Sa\u00fade de Santa Rosa por meio da equipe do Departamento de Gest\u00e3o Estrat\u00e9gica e Participativa (DGEP) implementou esta semana um projeto de visitas t\u00e9cnicas nas Unidades B\u00e1sicas de Sa\u00fade. A UBS Agr\u00edcola foi a primeira a receber a vistoria. O objetivo foi verificar a situa\u00e7\u00e3o dos atendimentos aos usu\u00e1rios do SUS. Na oportunidade, foi analisada a manuten\u00e7\u00e3o dos pr\u00e9dios e equipamentos p\u00fablicos que servem diariamente para o atendimento de in\u00fameras pessoas.<br><br>Com a visita t\u00e9cnica foi poss\u00edvel identificar as necessidades e buscar melhorias cont\u00ednuas nos servi\u00e7os de manuten\u00e7\u00e3o nas Unidades de Sa\u00fade que atendem os cidad\u00e3os do munic\u00edpio. De acordo com o Diretor do DGEP, Fernando Borella, as visitas v\u00e3o ser realizadas em todas as UBS\u2019s do munic\u00edpio para verificar a estrutura f\u00edsica e os equipamentos, bem como, a atua\u00e7\u00e3o dos profissionais diante aos desafios, \u201cEssa \u00e9 mais uma meta que est\u00e1 prevista em nosso planejamento estrat\u00e9gico, no sentido de, prestar boa assist\u00eancia para a sa\u00fade dos nossos usu\u00e1rios, por meio da manuten\u00e7\u00e3o das unidades de sa\u00fade\u201d. O Coordenador da Unidade de Sa\u00fade da Vila Agr\u00edcola, Leandro Rog\u00e9rio Deuschle acompanhou a visita t\u00e9cnica juntamente com o servidor Alexandre Barbosa. A UBS Agr\u00edcola atende em torno de 4.000 pessoas e abrange os seguintes locais: Vila Agr\u00edcola, n\u00facleo Tiradentes, Vila Vicente Cardoso e Vila Piekala.<\/p>\n","protected":false},"excerpt":{"rendered":"<p>O objetivo foi verificar a situa\u00e7\u00e3o dos atendimentos aos usu\u00e1rios do SUS A Funda\u00e7\u00e3o Municipal de Sa\u00fade de Santa Rosa<\/p>\n","protected":false},"author":3,"featured_media":4519,"comment_status":"open","ping_status":"open","sticky":false,"template":"","format":"standard","meta":{"footnotes":""},"categories":[4,8],"tags":[],"class_list":["post-4515","post","type-post","status-publish","format-standard","has-post-thumbnail","hentry","category-noticias","category-noticias-fumssar"],"aioseo_notices":[],"_links":{"self":[{"href":"https:\/\/prefeitura.santarosa.rs.gov.br\/index.php?rest_route=\/wp\/v2\/posts\/4515","targetHints":{"allow":["GET"]}}],"collection":[{"href":"https:\/\/prefeitura.santarosa.rs.gov.br\/index.php?rest_route=\/wp\/v2\/posts"}],"about":[{"href":"https:\/\/prefeitura.santarosa.rs.gov.br\/index.php?rest_route=\/wp\/v2\/types\/post"}],"author":[{"embeddable":true,"href":"https:\/\/prefeitura.santarosa.rs.gov.br\/index.php?rest_route=\/wp\/v2\/users\/3"}],"replies":[{"embeddable":true,"href":"https:\/\/prefeitura.santarosa.rs.gov.br\/index.php?rest_route=%2Fwp%2Fv2%2Fcomments&post=4515"}],"version-history":[{"count":1,"href":"https:\/\/prefeitura.santarosa.rs.gov.br\/index.php?rest_route=\/wp\/v2\/posts\/4515\/revisions"}],"predecessor-version":[{"id":4520,"href":"https:\/\/prefeitura.santarosa.rs.gov.br\/index.php?rest_route=\/wp\/v2\/posts\/4515\/revisions\/4520"}],"wp:featuredmedia":[{"embeddable":true,"href":"https:\/\/prefeitura.santarosa.rs.gov.br\/index.php?rest_route=\/wp\/v2\/media\/4519"}],"wp:attachment":[{"href":"https:\/\/prefeitura.santarosa.rs.gov.br\/index.php?rest_route=%2Fwp%2Fv2%2Fmedia&parent=4515"}],"wp:term":[{"taxonomy":"category","embeddable":true,"href":"https:\/\/prefeitura.santarosa.rs.gov.br\/index.php?rest_route=%2Fwp%2Fv2%2Fcategories&post=4515"},{"taxonomy":"post_tag","embeddable":true,"href":"https:\/\/prefeitura.santarosa.rs.gov.br\/index.php?rest_route=%2Fwp%2Fv2%2Ftags&post=4515"}],"curies":[{"name":"wp","href":"https:\/\/api.w.org\/{rel}","templated":true}]}}