{"id":4512,"date":"2022-03-03T15:31:00","date_gmt":"2022-03-03T18:31:00","guid":{"rendered":"https:\/\/prefeitura.santarosa.rs.gov.br\/?p=4512"},"modified":"2024-10-07T09:54:27","modified_gmt":"2024-10-07T12:54:27","slug":"prefeito-recebe-deputado-classmann","status":"publish","type":"post","link":"https:\/\/prefeitura.santarosa.rs.gov.br\/?p=4512","title":{"rendered":"Prefeito recebe Deputado Classmann"},"content":{"rendered":"\n<p>Na oportunidade, o Deputado fez uma presta\u00e7\u00e3o de contas para o prefeito dos investimentos realizados com seu apoio.<\/p>\n\n\n\n<p>O Prefeito Anderson Mantei recebeu nesta quinta-feira(03), o Deputado Estadual Alo\u00edsio Classmann. O encontro aconteceu no Gabinete na Prefeitura. Na oportunidade, o Deputado fez uma presta\u00e7\u00e3o de contas para o prefeito dos investimentos realizados com seu apoio.<br><br>O L\u00edder de Bancada estava acompanhado do Secret\u00e1rio de Esporte Fernando Classmann, quando apresentou um balan\u00e7o de a\u00e7\u00f5es junto ao governo do Estado, \u201cTemos mais de R$ 25 milh\u00f5es em investimentos, dentre eles, no programa Avan\u00e7ar\/RS, s\u00e3o R$ 4,2 milh\u00f5es para pavimenta\u00e7\u00e3o, R$ 1,8 milh\u00e3o para \u00e1rea do esporte e R$ 2 milh\u00f5es para o turismo, sendo que, R$ 3,1 milh\u00f5es \u00e9 de contrapartida do munic\u00edpio\u201d. O deputado destacou que para o Hospital Vida e Sa\u00fade tamb\u00e9m destinou recursos, assim como, para a obra da ERS-472 no contorno de Santa Rosa.<br><br>O Prefeito Anderson agradeceu o empenho do parlamentar, \u201cN\u00f3s queremos agradecer todo seu trabalho e dedica\u00e7\u00e3o por Santa Rosa e regi\u00e3o, esses recursos s\u00e3o fundamentais para nosso desenvolvimento. Ter um deputado comprometido com nossos avan\u00e7os \u00e9 o que faz a diferen\u00e7a para nossa cidade\u201d. Entre os recursos, o Deputado Classmann tamb\u00e9m destacou R$ 334 mil para cal\u00e7amento no bairro Cruzeiro e Vila Beatriz (obras em andamento) e R$ 150 mil para Escola T\u00e9cnica Agr\u00edcola.<\/p>\n","protected":false},"excerpt":{"rendered":"<p>Na oportunidade, o Deputado fez uma presta\u00e7\u00e3o de contas para o prefeito dos investimentos realizados com seu apoio. O Prefeito<\/p>\n","protected":false},"author":3,"featured_media":4513,"comment_status":"open","ping_status":"open","sticky":false,"template":"","format":"standard","meta":{"footnotes":""},"categories":[4,3],"tags":[],"class_list":["post-4512","post","type-post","status-publish","format-standard","has-post-thumbnail","hentry","category-noticias","category-gabinete-do-prefeito"],"aioseo_notices":[],"_links":{"self":[{"href":"https:\/\/prefeitura.santarosa.rs.gov.br\/index.php?rest_route=\/wp\/v2\/posts\/4512","targetHints":{"allow":["GET"]}}],"collection":[{"href":"https:\/\/prefeitura.santarosa.rs.gov.br\/index.php?rest_route=\/wp\/v2\/posts"}],"about":[{"href":"https:\/\/prefeitura.santarosa.rs.gov.br\/index.php?rest_route=\/wp\/v2\/types\/post"}],"author":[{"embeddable":true,"href":"https:\/\/prefeitura.santarosa.rs.gov.br\/index.php?rest_route=\/wp\/v2\/users\/3"}],"replies":[{"embeddable":true,"href":"https:\/\/prefeitura.santarosa.rs.gov.br\/index.php?rest_route=%2Fwp%2Fv2%2Fcomments&post=4512"}],"version-history":[{"count":1,"href":"https:\/\/prefeitura.santarosa.rs.gov.br\/index.php?rest_route=\/wp\/v2\/posts\/4512\/revisions"}],"predecessor-version":[{"id":4514,"href":"https:\/\/prefeitura.santarosa.rs.gov.br\/index.php?rest_route=\/wp\/v2\/posts\/4512\/revisions\/4514"}],"wp:featuredmedia":[{"embeddable":true,"href":"https:\/\/prefeitura.santarosa.rs.gov.br\/index.php?rest_route=\/wp\/v2\/media\/4513"}],"wp:attachment":[{"href":"https:\/\/prefeitura.santarosa.rs.gov.br\/index.php?rest_route=%2Fwp%2Fv2%2Fmedia&parent=4512"}],"wp:term":[{"taxonomy":"category","embeddable":true,"href":"https:\/\/prefeitura.santarosa.rs.gov.br\/index.php?rest_route=%2Fwp%2Fv2%2Fcategories&post=4512"},{"taxonomy":"post_tag","embeddable":true,"href":"https:\/\/prefeitura.santarosa.rs.gov.br\/index.php?rest_route=%2Fwp%2Fv2%2Ftags&post=4512"}],"curies":[{"name":"wp","href":"https:\/\/api.w.org\/{rel}","templated":true}]}}