{"id":4509,"date":"2022-03-03T08:13:00","date_gmt":"2022-03-03T11:13:00","guid":{"rendered":"https:\/\/prefeitura.santarosa.rs.gov.br\/?p=4509"},"modified":"2024-10-07T09:54:27","modified_gmt":"2024-10-07T12:54:27","slug":"prefeitura-conclui-a-terceira-etapa-da-analise-dos-indicadores","status":"publish","type":"post","link":"https:\/\/prefeitura.santarosa.rs.gov.br\/?p=4509","title":{"rendered":"Prefeitura conclui a terceira etapa da an\u00e1lise dos indicadores"},"content":{"rendered":"\n<p>Esta forma de gerenciar e administrar faz parte do modelo de gest\u00e3o definida no Plano de Governo.<\/p>\n\n\n\n<p>As a\u00e7\u00f5es do Planejamento Estrat\u00e9gico seguem em 2022. O Gabinete do vice-prefeito e a equipe da Secretaria de Gest\u00e3o tem realizado reuni\u00f5es com todas as secretarias constantemente. A inten\u00e7\u00e3o \u00e9 seguir com o monitoramento dos indicadores de desempenho. Esta forma de gerenciar e administrar faz parte do modelo de gest\u00e3o definida no Plano de Governo.<br><br>Os indicadores foram pauta de v\u00e1rias a\u00e7\u00f5es, j\u00e1 que esse novo formato de atua\u00e7\u00e3o teve in\u00edcio em 2021. Assim como as organiza\u00e7\u00f5es precisam de indicadores para verificar se as metas estabelecidas est\u00e3o sendo alcan\u00e7adas, a Prefeitura tamb\u00e9m est\u00e1 utilizando esta a\u00e7\u00e3o no campo da gest\u00e3o p\u00fablica. Para Ademir Rosa, Secret\u00e1rio de Gest\u00e3o, os indicadores v\u00e3o al\u00e9m de olhar as metas, ou seja, servem para visualizar a evolu\u00e7\u00e3o, determinar novas metas e principalmente para a tomada de decis\u00e3o. \u201cA implementa\u00e7\u00e3o de indicadores serve para mostrar tamb\u00e9m o amadurecimento dos processos implementados. A equipe da Secretaria de Gest\u00e3o, atrav\u00e9s do agente administrativo Rodrigo Krann, tem buscado consolidar, agrupar os dados e elaborar os indicadores, deixando todos no padr\u00e3o definido\u201d.<br><br>A Secretaria de Gest\u00e3o j\u00e1 elaborou 202 indicadores, de todas as secretarias, sendo um percentual de 85% j\u00e1 finalizado na atual Gest\u00e3o Municipal. Para Aldemir Ulrich, os indicadores t\u00eam um papel muito importante para a busca de melhoria nos servi\u00e7os, pois se as metas definidas n\u00e3o est\u00e3o sendo alcan\u00e7adas, se aplica os planos de a\u00e7\u00e3o, \u201cEstamos aplicando na prefeitura o que se aplica em qualquer organiza\u00e7\u00e3o privada. Vamos avan\u00e7ar muito com a metodologia implantada\u201d.<br><br>A an\u00e1lise cr\u00edtica dos indicadores ocorre todos os meses no gabinete do vice prefeito, com os secret\u00e1rios das pastas, sob coordena\u00e7\u00e3o do Vice Prefeito Aldemir e do Ademir, Secret\u00e1rio de Gest\u00e3o. Neste ano, a ideia \u00e9 realizar apresenta\u00e7\u00f5es para os servidores de cada secretaria. As reuni\u00f5es s\u00e3o registradas em atas, com atribui\u00e7\u00f5es e responsabilidades em todas as a\u00e7\u00f5es necess\u00e1rias.<\/p>\n","protected":false},"excerpt":{"rendered":"<p>Esta forma de gerenciar e administrar faz parte do modelo de gest\u00e3o definida no Plano de Governo. As a\u00e7\u00f5es do<\/p>\n","protected":false},"author":3,"featured_media":4510,"comment_status":"open","ping_status":"open","sticky":false,"template":"","format":"standard","meta":{"footnotes":""},"categories":[4,23],"tags":[],"class_list":["post-4509","post","type-post","status-publish","format-standard","has-post-thumbnail","hentry","category-noticias","category-secretaria-municipal-governanca-gestao"],"aioseo_notices":[],"_links":{"self":[{"href":"https:\/\/prefeitura.santarosa.rs.gov.br\/index.php?rest_route=\/wp\/v2\/posts\/4509","targetHints":{"allow":["GET"]}}],"collection":[{"href":"https:\/\/prefeitura.santarosa.rs.gov.br\/index.php?rest_route=\/wp\/v2\/posts"}],"about":[{"href":"https:\/\/prefeitura.santarosa.rs.gov.br\/index.php?rest_route=\/wp\/v2\/types\/post"}],"author":[{"embeddable":true,"href":"https:\/\/prefeitura.santarosa.rs.gov.br\/index.php?rest_route=\/wp\/v2\/users\/3"}],"replies":[{"embeddable":true,"href":"https:\/\/prefeitura.santarosa.rs.gov.br\/index.php?rest_route=%2Fwp%2Fv2%2Fcomments&post=4509"}],"version-history":[{"count":1,"href":"https:\/\/prefeitura.santarosa.rs.gov.br\/index.php?rest_route=\/wp\/v2\/posts\/4509\/revisions"}],"predecessor-version":[{"id":4511,"href":"https:\/\/prefeitura.santarosa.rs.gov.br\/index.php?rest_route=\/wp\/v2\/posts\/4509\/revisions\/4511"}],"wp:featuredmedia":[{"embeddable":true,"href":"https:\/\/prefeitura.santarosa.rs.gov.br\/index.php?rest_route=\/wp\/v2\/media\/4510"}],"wp:attachment":[{"href":"https:\/\/prefeitura.santarosa.rs.gov.br\/index.php?rest_route=%2Fwp%2Fv2%2Fmedia&parent=4509"}],"wp:term":[{"taxonomy":"category","embeddable":true,"href":"https:\/\/prefeitura.santarosa.rs.gov.br\/index.php?rest_route=%2Fwp%2Fv2%2Fcategories&post=4509"},{"taxonomy":"post_tag","embeddable":true,"href":"https:\/\/prefeitura.santarosa.rs.gov.br\/index.php?rest_route=%2Fwp%2Fv2%2Ftags&post=4509"}],"curies":[{"name":"wp","href":"https:\/\/api.w.org\/{rel}","templated":true}]}}