{"id":4500,"date":"2022-03-03T08:08:00","date_gmt":"2022-03-03T11:08:00","guid":{"rendered":"https:\/\/prefeitura.santarosa.rs.gov.br\/?p=4500"},"modified":"2024-10-07T09:54:27","modified_gmt":"2024-10-07T12:54:27","slug":"cer-ii-recebe-materiais-para-qualificacao-do-servico","status":"publish","type":"post","link":"https:\/\/prefeitura.santarosa.rs.gov.br\/?p=4500","title":{"rendered":"Cer II Recebe Materiais Para Qualifica\u00e7\u00e3o Do Servi\u00e7o"},"content":{"rendered":"\n<p>Os manuais auxiliam na qualifica\u00e7\u00e3o cont\u00ednua dos profissionais da institui\u00e7\u00e3o e da presta\u00e7\u00e3o do servi\u00e7o al\u00e9m de, direcionar o processo avaliativo por meio dos protocolos de avalia\u00e7\u00f5es.<\/p>\n\n\n\n<p>A Funda\u00e7\u00e3o Municipal de Sa\u00fade de Santa Rosa realizou esta semana, a entrega de materiais de avalia\u00e7\u00e3o psicol\u00f3gica para o Centro Especializado em Reabilita\u00e7\u00e3o Auditiva e Intelectual \u2013 CER II. Os manuais auxiliam na qualifica\u00e7\u00e3o cont\u00ednua dos profissionais da institui\u00e7\u00e3o e da presta\u00e7\u00e3o do servi\u00e7o al\u00e9m de, direcionar o processo avaliativo por meio dos protocolos de avalia\u00e7\u00f5es.<br><br>Entre os servi\u00e7os oferecidos pelo CER II de Santa Rosa est\u00e1 a avalia\u00e7\u00e3o psicol\u00f3gica, que acontece, nos casos em que h\u00e1 suspeita de Defici\u00eancia Intelectual ou do Transtorno do Espectro Autista. A avalia\u00e7\u00e3o psicol\u00f3gica consiste em um processo amplo, que envolve a integra\u00e7\u00e3o de informa\u00e7\u00f5es de diversas fontes, como: testes, entrevistas, observa\u00e7\u00f5es e an\u00e1lise de documentos. Os testes de avalia\u00e7\u00e3o psicol\u00f3gica, cognitivos e de linguagem, s\u00e3o considerados materiais de consumo pelo instrutivo da Rede de Cuidados \u00e0 Pessoa com Defici\u00eancia no \u00e2mbito do SUS.<br><br>A Psic\u00f3loga do CER II, Franciele Monser Bach, destaca a import\u00e2ncia dos materiais enviados pela FUMSSAR, \u201cPrecisamos estar sempre buscando atualiza\u00e7\u00f5es nos protocolos de avalia\u00e7\u00e3o psicol\u00f3gica. Os instrumentos padronizados nos ajudam a ter um olhar mais detalhista e fornecer um diagn\u00f3stico mais preciso e um atendimento mais qualificado\u201d. Os testes psicol\u00f3gicos fazem parte do processo avaliativo e s\u00e3o necess\u00e1rios para identificar as potencialidades e preju\u00edzos funcionais e cognitivos dos indiv\u00edduos atendidos no servi\u00e7o. A partir dos resultados obtidos pelos testes, \u00e9 poss\u00edvel elaborar o diagn\u00f3stico e a constru\u00e7\u00e3o de um Projeto Terap\u00eautico Singular.<\/p>\n","protected":false},"excerpt":{"rendered":"<p>Os manuais auxiliam na qualifica\u00e7\u00e3o cont\u00ednua dos profissionais da institui\u00e7\u00e3o e da presta\u00e7\u00e3o do servi\u00e7o al\u00e9m de, direcionar o processo<\/p>\n","protected":false},"author":3,"featured_media":4504,"comment_status":"open","ping_status":"open","sticky":false,"template":"","format":"standard","meta":{"footnotes":""},"categories":[4,8],"tags":[],"class_list":["post-4500","post","type-post","status-publish","format-standard","has-post-thumbnail","hentry","category-noticias","category-noticias-fumssar"],"aioseo_notices":[],"_links":{"self":[{"href":"https:\/\/prefeitura.santarosa.rs.gov.br\/index.php?rest_route=\/wp\/v2\/posts\/4500","targetHints":{"allow":["GET"]}}],"collection":[{"href":"https:\/\/prefeitura.santarosa.rs.gov.br\/index.php?rest_route=\/wp\/v2\/posts"}],"about":[{"href":"https:\/\/prefeitura.santarosa.rs.gov.br\/index.php?rest_route=\/wp\/v2\/types\/post"}],"author":[{"embeddable":true,"href":"https:\/\/prefeitura.santarosa.rs.gov.br\/index.php?rest_route=\/wp\/v2\/users\/3"}],"replies":[{"embeddable":true,"href":"https:\/\/prefeitura.santarosa.rs.gov.br\/index.php?rest_route=%2Fwp%2Fv2%2Fcomments&post=4500"}],"version-history":[{"count":1,"href":"https:\/\/prefeitura.santarosa.rs.gov.br\/index.php?rest_route=\/wp\/v2\/posts\/4500\/revisions"}],"predecessor-version":[{"id":4505,"href":"https:\/\/prefeitura.santarosa.rs.gov.br\/index.php?rest_route=\/wp\/v2\/posts\/4500\/revisions\/4505"}],"wp:featuredmedia":[{"embeddable":true,"href":"https:\/\/prefeitura.santarosa.rs.gov.br\/index.php?rest_route=\/wp\/v2\/media\/4504"}],"wp:attachment":[{"href":"https:\/\/prefeitura.santarosa.rs.gov.br\/index.php?rest_route=%2Fwp%2Fv2%2Fmedia&parent=4500"}],"wp:term":[{"taxonomy":"category","embeddable":true,"href":"https:\/\/prefeitura.santarosa.rs.gov.br\/index.php?rest_route=%2Fwp%2Fv2%2Fcategories&post=4500"},{"taxonomy":"post_tag","embeddable":true,"href":"https:\/\/prefeitura.santarosa.rs.gov.br\/index.php?rest_route=%2Fwp%2Fv2%2Ftags&post=4500"}],"curies":[{"name":"wp","href":"https:\/\/api.w.org\/{rel}","templated":true}]}}