{"id":4497,"date":"2022-03-01T15:56:00","date_gmt":"2022-03-01T18:56:00","guid":{"rendered":"https:\/\/prefeitura.santarosa.rs.gov.br\/?p=4497"},"modified":"2024-10-07T09:54:27","modified_gmt":"2024-10-07T12:54:27","slug":"diversidade-de-mudas-no-viveiro-municipal","status":"publish","type":"post","link":"https:\/\/prefeitura.santarosa.rs.gov.br\/?p=4497","title":{"rendered":"Diversidade de mudas no Viveiro Municipal"},"content":{"rendered":"\n<p>As mudas s\u00e3o fornecidas aos contribuintes com baixo custo, visando incentivar o cumprimento das reposi\u00e7\u00f5es florestais obrigat\u00f3rias, projetos de recupera\u00e7\u00e3o, plantios em p\u00e1tios e passeios p\u00fablicos do munic\u00edpio.<\/p>\n\n\n\n<p>A Prefeitura de Santa Rosa por meio da Secretaria de Meio Ambiente, \u00e9 respons\u00e1vel pelo Viveiro Florestal Municipal. O espa\u00e7o contempla cerca de 30 esp\u00e9cies nativas e ex\u00f3ticas, com mudas para reflorestamento, recupera\u00e7\u00e3o de \u00e1reas degradadas e arboriza\u00e7\u00e3o urbana.<br><br>A diversidade de plantas no viveiro cresceu cerca de 130 % em 2021. Esp\u00e9cies nativas como Cedro, Angico-vermelho, Guajuvira, Ara\u00e7\u00e1, Pitanga, Guabij\u00fa, Ip\u00ea-roxo, Uvaia, e ex\u00f3ticas como Mangueira, Pl\u00e1tamo, \u00c1lamo-prateado, Pata-de-vaca, Extremosa, entre outras, s\u00e3o encontradas no local. O Viveiro possui em elabora\u00e7\u00e3o um projeto de revitaliza\u00e7\u00e3o no qual ser\u00e1 investido cerca de 204 mil reais com recurso do Fundo Municipal de Meio Ambiente e Saneamento. O projeto contempla novas estufas, casa de sombra e reforma no pr\u00e9dio. O objetivo \u00e9 manter um ambiente adequado \u00e0 produ\u00e7\u00e3o de mudas e proporcionar que escolas, entidades, contribuintes e comunidade possam visitar o local.<br><br>O Secret\u00e1rio de Meio Ambiente, Jo\u00e3o Carlos de Castro Dorneles, destacou o quanto este projeto vai proporcionar uma estrutura adequada para as mudas e gerar um aumento significativo para o reflorestamento no munic\u00edpio, \u201cNesse ano esperamos conseguir fornecer mais mudas e auxiliar as entidades sem fins lucrativos em projetos de reflorestamento. Mesmo no per\u00edodo de forte estiagem e grandes picos de temperatura ocorridas nesse ver\u00e3o, gra\u00e7as a um po\u00e7o artesiano e aos cuidados dos servidores viveiristas, foi poss\u00edvel manter as plantas com irriga\u00e7\u00e3o adequada, sendo poss\u00edvel aumentar a produ\u00e7\u00e3o\u201d. Destacou ainda, que as mudas s\u00e3o fornecidas aos contribuintes com baixo custo, visando incentivar o cumprimento das reposi\u00e7\u00f5es florestais obrigat\u00f3rias, projetos de recupera\u00e7\u00e3o, plantios em p\u00e1tios e passeios p\u00fablicos do munic\u00edpio.<br><br>Para a Engenheira Florestal e Coordenadora do Viveiro Municipal, Ana Paula Jung, o aumento de mudas \u00e9 uma grande conquista para a arboriza\u00e7\u00e3o urbana de Santa Rosa, \u201cHoje contamos com cerca de 50 mil mudas no viveiro em diversas etapas de desenvolvimento. Queremos incentivar ainda mais os contribuintes a realizar o plantio de \u00e1rvores na \u00e1rea urbana do munic\u00edpio. A arboriza\u00e7\u00e3o melhora a paisagem, purifica o ar e proporciona melhor qualidade de vida. Queremos implementar cada vez mais esta ideia\u201d. O viveiro est\u00e1 localizado no Lajeado Ip\u00ea, \u00e0s margens da ERS 344 e conta com tr\u00eas servidores viveiristas no local. Para mais informa\u00e7\u00f5es o contribuinte pode entrar em contato com a Secretaria de Meio Ambiente, atrav\u00e9s do telefone 3511-5100 \u2013 ramal 395. A aquisi\u00e7\u00e3o de mudas deve ser realizada na recep\u00e7\u00e3o da secretaria, na prefeitura.<\/p>\n","protected":false},"excerpt":{"rendered":"<p>As mudas s\u00e3o fornecidas aos contribuintes com baixo custo, visando incentivar o cumprimento das reposi\u00e7\u00f5es florestais obrigat\u00f3rias, projetos de recupera\u00e7\u00e3o,<\/p>\n","protected":false},"author":3,"featured_media":4498,"comment_status":"open","ping_status":"open","sticky":false,"template":"","format":"standard","meta":{"footnotes":""},"categories":[4,20],"tags":[],"class_list":["post-4497","post","type-post","status-publish","format-standard","has-post-thumbnail","hentry","category-noticias","category-secretaria-municipal-de-meio-ambiente"],"aioseo_notices":[],"_links":{"self":[{"href":"https:\/\/prefeitura.santarosa.rs.gov.br\/index.php?rest_route=\/wp\/v2\/posts\/4497","targetHints":{"allow":["GET"]}}],"collection":[{"href":"https:\/\/prefeitura.santarosa.rs.gov.br\/index.php?rest_route=\/wp\/v2\/posts"}],"about":[{"href":"https:\/\/prefeitura.santarosa.rs.gov.br\/index.php?rest_route=\/wp\/v2\/types\/post"}],"author":[{"embeddable":true,"href":"https:\/\/prefeitura.santarosa.rs.gov.br\/index.php?rest_route=\/wp\/v2\/users\/3"}],"replies":[{"embeddable":true,"href":"https:\/\/prefeitura.santarosa.rs.gov.br\/index.php?rest_route=%2Fwp%2Fv2%2Fcomments&post=4497"}],"version-history":[{"count":1,"href":"https:\/\/prefeitura.santarosa.rs.gov.br\/index.php?rest_route=\/wp\/v2\/posts\/4497\/revisions"}],"predecessor-version":[{"id":4499,"href":"https:\/\/prefeitura.santarosa.rs.gov.br\/index.php?rest_route=\/wp\/v2\/posts\/4497\/revisions\/4499"}],"wp:featuredmedia":[{"embeddable":true,"href":"https:\/\/prefeitura.santarosa.rs.gov.br\/index.php?rest_route=\/wp\/v2\/media\/4498"}],"wp:attachment":[{"href":"https:\/\/prefeitura.santarosa.rs.gov.br\/index.php?rest_route=%2Fwp%2Fv2%2Fmedia&parent=4497"}],"wp:term":[{"taxonomy":"category","embeddable":true,"href":"https:\/\/prefeitura.santarosa.rs.gov.br\/index.php?rest_route=%2Fwp%2Fv2%2Fcategories&post=4497"},{"taxonomy":"post_tag","embeddable":true,"href":"https:\/\/prefeitura.santarosa.rs.gov.br\/index.php?rest_route=%2Fwp%2Fv2%2Ftags&post=4497"}],"curies":[{"name":"wp","href":"https:\/\/api.w.org\/{rel}","templated":true}]}}