{"id":4458,"date":"2022-04-22T17:18:00","date_gmt":"2022-04-22T20:18:00","guid":{"rendered":"https:\/\/prefeitura.santarosa.rs.gov.br\/?p=4458"},"modified":"2024-10-07T09:54:26","modified_gmt":"2024-10-07T12:54:26","slug":"fumssar-vai-realizar-mais-um-mutirao-contra-a-dengue","status":"publish","type":"post","link":"https:\/\/prefeitura.santarosa.rs.gov.br\/?p=4458","title":{"rendered":"FUMSSAR vai realizar mais um mutir\u00e3o contra a Dengue"},"content":{"rendered":"\n<p>A Dengue pode se manifestar de forma leve, moderada, ou grave, que \u00e9 o caso da dengue Hemorr\u00e1gica.<\/p>\n\n\n\n<p>A FUMSSAR, por meio de equipes da Vigil\u00e2ncia Ambiental vai realizar na pr\u00f3xima semana, ter\u00e7a-feira (26) e quarta-feira (27), mais um mutir\u00e3o contra a Dengue. A a\u00e7\u00e3o vai contemplar o recolhimento de objetos que podem acumular \u00e1gua parada, local prop\u00edcio para os criadouros do mosquito. O mutir\u00e3o vai ser realizado nos bairros: S\u00e3o Francisco, Ouro Verde e Esperan\u00e7a.<br><br>No per\u00edodo epidemiol\u00f3gico registrado do in\u00edcio do ano, at\u00e9 esta sexta-feira (22), Santa Rosa teve 1.366 notifica\u00e7\u00f5es do v\u00edrus, sendo 190 casos confirmados e 1.152 em investiga\u00e7\u00e3o. Das confirma\u00e7\u00f5es, 187 casos s\u00e3o aut\u00f3ctones (casos que as pessoas contra\u00edram o v\u00edrus em Santa Rosa) e 03 importados (contra\u00eddos fora do munic\u00edpio). O Gerente das Vigil\u00e2ncias, Jairo Beal, refor\u00e7a que a FUMSSAR segue alertando a popula\u00e7\u00e3o e realizando a\u00e7\u00f5es de combate \u00e0 doen\u00e7a, \u201cEstamos realizando rotineiramente, vistorias nas resid\u00eancias, al\u00e9m de a\u00e7\u00f5es de preven\u00e7\u00e3o nas escolas, nos supermercados e nas salas de espera das Unidades B\u00e1sicas de Sa\u00fade, buscando conscientizar a popula\u00e7\u00e3o para que fa\u00e7am sua parte e nos auxilie na elimina\u00e7\u00e3o dos criadouros do mosquito\u201d.<br><br>A Dengue pode se manifestar de forma leve, moderada, ou grave, que \u00e9 o caso da dengue Hemorr\u00e1gica. O per\u00edodo de incuba\u00e7\u00e3o, ou seja, o tempo que demora desde a picada do mosquito infectado at\u00e9 o aparecimento dos primeiros sintomas da doen\u00e7a, \u00e9 de, em m\u00e9dia, 05 a 06 dias, conforme o Minist\u00e9rio da Sa\u00fade. Nos adultos, a primeira manifesta\u00e7\u00e3o dos sintomas da dengue, \u00e9 a febre alta, (39\u00baC a 40\u00baC), de in\u00edcio repentino, que pode estar associada a dor de cabe\u00e7a, prostra\u00e7\u00e3o, dores musculares, nas juntas e atr\u00e1s dos olhos, vermelhid\u00e3o no corpo (exantema) e coceira.<br><br>A FUMSSAR orienta a popula\u00e7\u00e3o para que fa\u00e7a uso do repelente e refor\u00e7a que caso sejam observados sintomas da doen\u00e7a, o cidad\u00e3o deve manter a hidrata\u00e7\u00e3o e procurar a Unidade B\u00e1sica de Sa\u00fade de refer\u00eancia. Se houver algum sintoma grave, o mesmo deve dirigir-se \u00e0 Unidade de Pronto Atendimento (UPA).<\/p>\n","protected":false},"excerpt":{"rendered":"<p>A Dengue pode se manifestar de forma leve, moderada, ou grave, que \u00e9 o caso da dengue Hemorr\u00e1gica. A FUMSSAR,<\/p>\n","protected":false},"author":3,"featured_media":4459,"comment_status":"open","ping_status":"open","sticky":false,"template":"","format":"standard","meta":{"footnotes":""},"categories":[4,8],"tags":[],"class_list":["post-4458","post","type-post","status-publish","format-standard","has-post-thumbnail","hentry","category-noticias","category-noticias-fumssar"],"aioseo_notices":[],"_links":{"self":[{"href":"https:\/\/prefeitura.santarosa.rs.gov.br\/index.php?rest_route=\/wp\/v2\/posts\/4458","targetHints":{"allow":["GET"]}}],"collection":[{"href":"https:\/\/prefeitura.santarosa.rs.gov.br\/index.php?rest_route=\/wp\/v2\/posts"}],"about":[{"href":"https:\/\/prefeitura.santarosa.rs.gov.br\/index.php?rest_route=\/wp\/v2\/types\/post"}],"author":[{"embeddable":true,"href":"https:\/\/prefeitura.santarosa.rs.gov.br\/index.php?rest_route=\/wp\/v2\/users\/3"}],"replies":[{"embeddable":true,"href":"https:\/\/prefeitura.santarosa.rs.gov.br\/index.php?rest_route=%2Fwp%2Fv2%2Fcomments&post=4458"}],"version-history":[{"count":1,"href":"https:\/\/prefeitura.santarosa.rs.gov.br\/index.php?rest_route=\/wp\/v2\/posts\/4458\/revisions"}],"predecessor-version":[{"id":4460,"href":"https:\/\/prefeitura.santarosa.rs.gov.br\/index.php?rest_route=\/wp\/v2\/posts\/4458\/revisions\/4460"}],"wp:featuredmedia":[{"embeddable":true,"href":"https:\/\/prefeitura.santarosa.rs.gov.br\/index.php?rest_route=\/wp\/v2\/media\/4459"}],"wp:attachment":[{"href":"https:\/\/prefeitura.santarosa.rs.gov.br\/index.php?rest_route=%2Fwp%2Fv2%2Fmedia&parent=4458"}],"wp:term":[{"taxonomy":"category","embeddable":true,"href":"https:\/\/prefeitura.santarosa.rs.gov.br\/index.php?rest_route=%2Fwp%2Fv2%2Fcategories&post=4458"},{"taxonomy":"post_tag","embeddable":true,"href":"https:\/\/prefeitura.santarosa.rs.gov.br\/index.php?rest_route=%2Fwp%2Fv2%2Ftags&post=4458"}],"curies":[{"name":"wp","href":"https:\/\/api.w.org\/{rel}","templated":true}]}}