{"id":4412,"date":"2022-04-19T11:16:00","date_gmt":"2022-04-19T14:16:00","guid":{"rendered":"https:\/\/prefeitura.santarosa.rs.gov.br\/?p=4412"},"modified":"2024-10-07T09:54:26","modified_gmt":"2024-10-07T12:54:26","slug":"servidores-da-fumssar-recebem-uniformes-novos","status":"publish","type":"post","link":"https:\/\/prefeitura.santarosa.rs.gov.br\/?p=4412","title":{"rendered":"Servidores da FUMSSAR recebem uniformes novos"},"content":{"rendered":"\n<p>Os uniformes foram distribu\u00eddos de forma gratuita, com tamanhos adequados para cada funcion\u00e1rio<\/p>\n\n\n\n<p>Processo de padroniza\u00e7\u00e3o segue sendo implementado na Funda\u00e7\u00e3o Municipal de Santa Rosa. Desde o in\u00edcio de 2021, o Planejamento Estrat\u00e9gico vem sendo aplicado em todo o governo. Na FUMSSAR diversos processos foram estabelecidos, incluindo a padroniza\u00e7\u00e3o da vestimenta dos profissionais.<br><br>Na \u00faltima semana, foi realizada a entrega de novos uniformes para os servidores p\u00fablicos. Cerca de 400 servidores, 40 estagi\u00e1rios e os residentes que atuam nas Unidades B\u00e1sicas de Sa\u00fade receberam. Os novos uniformes foram confeccionados para a identifica\u00e7\u00e3o e padroniza\u00e7\u00e3o do servi\u00e7o. O Presidente da FUMSSAR, D\u00e9lcio Stefan, destacou a import\u00e2ncia da padroniza\u00e7\u00e3o para o servi\u00e7o, \u201cPensando na import\u00e2ncia da identidade visual da FUMSSAR, confeccionamos uniformes novos com o objetivo de garantir que os servidores sejam identificados pelos usu\u00e1rios. Sabemos que por meio da identidade visual vai ser poss\u00edvel tamb\u00e9m, transmitir e propagar a miss\u00e3o da Funda\u00e7\u00e3o atrav\u00e9s dos servi\u00e7os prestados para a popula\u00e7\u00e3o\u201d.<br><br>Os uniformes foram distribu\u00eddos de forma gratuita, com tamanhos adequados para cada funcion\u00e1rio. A partir do in\u00edcio do m\u00eas, por meio de uma ordem de servi\u00e7o, ficou determinado o uso obrigat\u00f3rio do uniforme, por todos os servidores e empregados p\u00fablicos da Funda\u00e7\u00e3o de Sa\u00fade. As cores utilizadas para os uniformes s\u00e3o, branca\/cinza e verde presente na logo da FUMSSAR. Os servidores tamb\u00e9m foram alertados de que o uso dos uniformes n\u00e3o dispensa a utiliza\u00e7\u00e3o dos Equipamentos de Prote\u00e7\u00e3o Individual (EPI\u2019s) necess\u00e1rios para execu\u00e7\u00e3o de atividades espec\u00edficas.<\/p>\n","protected":false},"excerpt":{"rendered":"<p>Os uniformes foram distribu\u00eddos de forma gratuita, com tamanhos adequados para cada funcion\u00e1rio Processo de padroniza\u00e7\u00e3o segue sendo implementado na<\/p>\n","protected":false},"author":3,"featured_media":4414,"comment_status":"open","ping_status":"open","sticky":false,"template":"","format":"standard","meta":{"footnotes":""},"categories":[4,8],"tags":[],"class_list":["post-4412","post","type-post","status-publish","format-standard","has-post-thumbnail","hentry","category-noticias","category-noticias-fumssar"],"aioseo_notices":[],"_links":{"self":[{"href":"https:\/\/prefeitura.santarosa.rs.gov.br\/index.php?rest_route=\/wp\/v2\/posts\/4412","targetHints":{"allow":["GET"]}}],"collection":[{"href":"https:\/\/prefeitura.santarosa.rs.gov.br\/index.php?rest_route=\/wp\/v2\/posts"}],"about":[{"href":"https:\/\/prefeitura.santarosa.rs.gov.br\/index.php?rest_route=\/wp\/v2\/types\/post"}],"author":[{"embeddable":true,"href":"https:\/\/prefeitura.santarosa.rs.gov.br\/index.php?rest_route=\/wp\/v2\/users\/3"}],"replies":[{"embeddable":true,"href":"https:\/\/prefeitura.santarosa.rs.gov.br\/index.php?rest_route=%2Fwp%2Fv2%2Fcomments&post=4412"}],"version-history":[{"count":1,"href":"https:\/\/prefeitura.santarosa.rs.gov.br\/index.php?rest_route=\/wp\/v2\/posts\/4412\/revisions"}],"predecessor-version":[{"id":4415,"href":"https:\/\/prefeitura.santarosa.rs.gov.br\/index.php?rest_route=\/wp\/v2\/posts\/4412\/revisions\/4415"}],"wp:featuredmedia":[{"embeddable":true,"href":"https:\/\/prefeitura.santarosa.rs.gov.br\/index.php?rest_route=\/wp\/v2\/media\/4414"}],"wp:attachment":[{"href":"https:\/\/prefeitura.santarosa.rs.gov.br\/index.php?rest_route=%2Fwp%2Fv2%2Fmedia&parent=4412"}],"wp:term":[{"taxonomy":"category","embeddable":true,"href":"https:\/\/prefeitura.santarosa.rs.gov.br\/index.php?rest_route=%2Fwp%2Fv2%2Fcategories&post=4412"},{"taxonomy":"post_tag","embeddable":true,"href":"https:\/\/prefeitura.santarosa.rs.gov.br\/index.php?rest_route=%2Fwp%2Fv2%2Ftags&post=4412"}],"curies":[{"name":"wp","href":"https:\/\/api.w.org\/{rel}","templated":true}]}}