{"id":4379,"date":"2022-04-14T17:19:00","date_gmt":"2022-04-14T20:19:00","guid":{"rendered":"https:\/\/prefeitura.santarosa.rs.gov.br\/?p=4379"},"modified":"2024-10-07T09:54:26","modified_gmt":"2024-10-07T12:54:26","slug":"lancamento-da-fenasoja-2022-na-argentina-e-no-paraguai","status":"publish","type":"post","link":"https:\/\/prefeitura.santarosa.rs.gov.br\/?p=4379","title":{"rendered":"Lan\u00e7amento da FENASOJA 2022 na Argentina e no Paraguai"},"content":{"rendered":"\n<p>O objetivo foi apresentar a feira, as novidades e tamb\u00e9m convidar as autoridades e a comunidade para que prestigiem a Fenasoja 2022<\/p>\n\n\n\n<p>O Prefeito Anderson Mantei, o Presidente da Fenasoja Elias Dallalba, o Secret\u00e1rio de Desenvolvimento Econ\u00f4mico Odaylson Eder e demais integrantes da feira estiveram na Argentina e no Paraguai. Na oportunidade, a comitiva realizou diversas agendas para divulgar a Feira.<br><br>Na ter\u00e7a-feira foram realizadas agendas na cidade vizinha de Ober\u00e1\/Argentina. O lan\u00e7amento tamb\u00e9m ocorreu em Posadas. O objetivo foi apresentar a feira, as novidades e tamb\u00e9m convidar as autoridades e a comunidade para que prestigiem a Fenasoja 2022. Durante a viagem, a Comitiva esteve em Encarnac\u00edon, no Paraguai, onde realizou divulga\u00e7\u00e3o da Feira. Anderson Mantei tamb\u00e9m esteve com o Prefeito de Hohenau que tem importante feira do agroneg\u00f3cio no Paraguai.<br><br>Tamb\u00e9m esteve com o Presidente de uma grande Cooperativa que realiza essa feira, Don August\u00edn Konrad, que \u00e9 Embaixador da Fenasoja no Paraguai h\u00e1 12 anos, \u201cFomos muito bem recebidos em todos os locais que estivemos. A feira \u00e9 muito conhecida fora do pa\u00eds e com certeza teremos esse ano uma grande participa\u00e7\u00e3o da Argentina e do Paraguai nesta que ser\u00e1 a maior Feira da hist\u00f3ria de Santa Rosa\u201d, destacou Prefeito Anderson.<\/p>\n","protected":false},"excerpt":{"rendered":"<p>O objetivo foi apresentar a feira, as novidades e tamb\u00e9m convidar as autoridades e a comunidade para que prestigiem a<\/p>\n","protected":false},"author":3,"featured_media":4380,"comment_status":"open","ping_status":"open","sticky":false,"template":"","format":"standard","meta":{"footnotes":""},"categories":[4,3],"tags":[],"class_list":["post-4379","post","type-post","status-publish","format-standard","has-post-thumbnail","hentry","category-noticias","category-gabinete-do-prefeito"],"aioseo_notices":[],"_links":{"self":[{"href":"https:\/\/prefeitura.santarosa.rs.gov.br\/index.php?rest_route=\/wp\/v2\/posts\/4379","targetHints":{"allow":["GET"]}}],"collection":[{"href":"https:\/\/prefeitura.santarosa.rs.gov.br\/index.php?rest_route=\/wp\/v2\/posts"}],"about":[{"href":"https:\/\/prefeitura.santarosa.rs.gov.br\/index.php?rest_route=\/wp\/v2\/types\/post"}],"author":[{"embeddable":true,"href":"https:\/\/prefeitura.santarosa.rs.gov.br\/index.php?rest_route=\/wp\/v2\/users\/3"}],"replies":[{"embeddable":true,"href":"https:\/\/prefeitura.santarosa.rs.gov.br\/index.php?rest_route=%2Fwp%2Fv2%2Fcomments&post=4379"}],"version-history":[{"count":1,"href":"https:\/\/prefeitura.santarosa.rs.gov.br\/index.php?rest_route=\/wp\/v2\/posts\/4379\/revisions"}],"predecessor-version":[{"id":4381,"href":"https:\/\/prefeitura.santarosa.rs.gov.br\/index.php?rest_route=\/wp\/v2\/posts\/4379\/revisions\/4381"}],"wp:featuredmedia":[{"embeddable":true,"href":"https:\/\/prefeitura.santarosa.rs.gov.br\/index.php?rest_route=\/wp\/v2\/media\/4380"}],"wp:attachment":[{"href":"https:\/\/prefeitura.santarosa.rs.gov.br\/index.php?rest_route=%2Fwp%2Fv2%2Fmedia&parent=4379"}],"wp:term":[{"taxonomy":"category","embeddable":true,"href":"https:\/\/prefeitura.santarosa.rs.gov.br\/index.php?rest_route=%2Fwp%2Fv2%2Fcategories&post=4379"},{"taxonomy":"post_tag","embeddable":true,"href":"https:\/\/prefeitura.santarosa.rs.gov.br\/index.php?rest_route=%2Fwp%2Fv2%2Ftags&post=4379"}],"curies":[{"name":"wp","href":"https:\/\/api.w.org\/{rel}","templated":true}]}}