{"id":4370,"date":"2022-04-14T17:03:00","date_gmt":"2022-04-14T20:03:00","guid":{"rendered":"https:\/\/prefeitura.santarosa.rs.gov.br\/?p=4370"},"modified":"2024-10-07T09:54:26","modified_gmt":"2024-10-07T12:54:26","slug":"vacinacao-contra-a-covid-19-vai-ser-concentrada-na-central-de-vacinas","status":"publish","type":"post","link":"https:\/\/prefeitura.santarosa.rs.gov.br\/?p=4370","title":{"rendered":"Vacina\u00e7\u00e3o contra a COVID-19 vai ser concentrada na Central de Vacinas"},"content":{"rendered":"\n<p>A imuniza\u00e7\u00e3o segue dispon\u00edvel com todas as doses, de segunda \u00e0 sexta-feira<\/p>\n\n\n\n<p>A Funda\u00e7\u00e3o Municipal de Sa\u00fade de Santa Rosa informa que a partir de segunda-feira(18), todas as doses e faixas et\u00e1rias para a vacina\u00e7\u00e3o contra a COVID-19, v\u00e3o ser concentradas na Central de Vacinas. Sendo assim, crian\u00e7as de 05 a 11 anos que antes realizavam a aplica\u00e7\u00e3o nas Unidades B\u00e1sicas de Sa\u00fade, passam a ser atendidas tamb\u00e9m na Central de Vacina\u00e7\u00e3o da FUMSSAR.<br><br>A imuniza\u00e7\u00e3o segue dispon\u00edvel com todas as doses, de segunda \u00e0 sexta-feira. At\u00e9 o momento, j\u00e1 foram realizadas 152.550 vacinas. Do total, 65.223 foram de D1 (Primeira Dose). Essa quantidade corresponde a 88% da popula\u00e7\u00e3o vacinada. Sendo 58.874 de D2 (Segunda Dose) e 2.269 de D.U (Dose \u00fanica), com isso, 61.143 pessoas est\u00e3o com a imuniza\u00e7\u00e3o completa, 82% dos santa-rosenses, sendo que 25.551 s\u00e3o de D.R (Doses de Refor\u00e7o\/D3), ou seja, 41% das pessoas que t\u00eam a segunda dose ou a dose \u00fanica realizaram o refor\u00e7o. Al\u00e9m disso, foram aplicadas tamb\u00e9m, 633 doses adicionais (D4).<br><br>A primeira dose est\u00e1 dispon\u00edvel a partir dos 05 anos. As segundas doses, (D2) de Coronavac s\u00e3o realizadas ap\u00f3s 28 dias da primeira dose. Astrazeneca e Pfizer, ap\u00f3s oito semanas da primeira aplica\u00e7\u00e3o. As doses de refor\u00e7o (DR\/D3) s\u00e3o realizadas para pessoas acima de 18 anos que fizeram a segunda dose h\u00e1 04 meses. No caso do imunizante da Janssen, a Dose de Refor\u00e7o \u00e9 realizada com um intervalo de 2 a 6 meses ap\u00f3s a primeira dose. Para realizar a imuniza\u00e7\u00e3o, \u00e9 necess\u00e1rio levar documento com foto, CPF ou Certid\u00e3o de Nascimento, cart\u00e3o SUS e a caderneta de vacina\u00e7\u00e3o. As crian\u00e7as e jovens, dos 05 aos 15 anos, precisam ir acompanhados dos pais ou respons\u00e1vel legal.<br><br>A Central de Vacinas da FUMSSAR fica localizada na Rua Dr. Francisco Timm, 480 &#8211; centro, no subsolo (entrada pela lateral). O hor\u00e1rio de atendimento \u00e9 das 07h30min \u00e0s 11h e das 13h30min \u00e0s 17h. Nas quartas-feiras, o hor\u00e1rio \u00e9 estendido at\u00e9 \u00e0s 19h30min. N\u00e3o \u00e9 necess\u00e1rio realizar o agendamento. O atendimento acontece por ordem de chegada.<\/p>\n","protected":false},"excerpt":{"rendered":"<p>A imuniza\u00e7\u00e3o segue dispon\u00edvel com todas as doses, de segunda \u00e0 sexta-feira A Funda\u00e7\u00e3o Municipal de Sa\u00fade de Santa Rosa<\/p>\n","protected":false},"author":3,"featured_media":4371,"comment_status":"open","ping_status":"open","sticky":false,"template":"","format":"standard","meta":{"footnotes":""},"categories":[4,8],"tags":[],"class_list":["post-4370","post","type-post","status-publish","format-standard","has-post-thumbnail","hentry","category-noticias","category-noticias-fumssar"],"aioseo_notices":[],"_links":{"self":[{"href":"https:\/\/prefeitura.santarosa.rs.gov.br\/index.php?rest_route=\/wp\/v2\/posts\/4370","targetHints":{"allow":["GET"]}}],"collection":[{"href":"https:\/\/prefeitura.santarosa.rs.gov.br\/index.php?rest_route=\/wp\/v2\/posts"}],"about":[{"href":"https:\/\/prefeitura.santarosa.rs.gov.br\/index.php?rest_route=\/wp\/v2\/types\/post"}],"author":[{"embeddable":true,"href":"https:\/\/prefeitura.santarosa.rs.gov.br\/index.php?rest_route=\/wp\/v2\/users\/3"}],"replies":[{"embeddable":true,"href":"https:\/\/prefeitura.santarosa.rs.gov.br\/index.php?rest_route=%2Fwp%2Fv2%2Fcomments&post=4370"}],"version-history":[{"count":1,"href":"https:\/\/prefeitura.santarosa.rs.gov.br\/index.php?rest_route=\/wp\/v2\/posts\/4370\/revisions"}],"predecessor-version":[{"id":4372,"href":"https:\/\/prefeitura.santarosa.rs.gov.br\/index.php?rest_route=\/wp\/v2\/posts\/4370\/revisions\/4372"}],"wp:featuredmedia":[{"embeddable":true,"href":"https:\/\/prefeitura.santarosa.rs.gov.br\/index.php?rest_route=\/wp\/v2\/media\/4371"}],"wp:attachment":[{"href":"https:\/\/prefeitura.santarosa.rs.gov.br\/index.php?rest_route=%2Fwp%2Fv2%2Fmedia&parent=4370"}],"wp:term":[{"taxonomy":"category","embeddable":true,"href":"https:\/\/prefeitura.santarosa.rs.gov.br\/index.php?rest_route=%2Fwp%2Fv2%2Fcategories&post=4370"},{"taxonomy":"post_tag","embeddable":true,"href":"https:\/\/prefeitura.santarosa.rs.gov.br\/index.php?rest_route=%2Fwp%2Fv2%2Ftags&post=4370"}],"curies":[{"name":"wp","href":"https:\/\/api.w.org\/{rel}","templated":true}]}}