{"id":4367,"date":"2022-04-14T16:35:00","date_gmt":"2022-04-14T19:35:00","guid":{"rendered":"https:\/\/prefeitura.santarosa.rs.gov.br\/?p=4367"},"modified":"2024-10-07T09:54:26","modified_gmt":"2024-10-07T12:54:26","slug":"equipes-da-vigilancia-ambiental-realizam-mutirao-contra-a-dengue","status":"publish","type":"post","link":"https:\/\/prefeitura.santarosa.rs.gov.br\/?p=4367","title":{"rendered":"Equipes da Vigil\u00e2ncia Ambiental realizam mutir\u00e3o contra a Dengue"},"content":{"rendered":"\n<p>Est\u00e3o sendo recolhidos objetos que os moradores n\u00e3o utilizam mais e que podem acumular \u00e1gua parada<\/p>\n\n\n\n<p>A FUMSSAR, por meio de equipes da Vigil\u00e2ncia Ambiental est\u00e1 realizando nesta quarta (13), e quinta-feira (14), um mutir\u00e3o contra a Dengue. A a\u00e7\u00e3o contempla o recolhimento de lixo e objetos na localidade da Beatriz\/Oliveira. Est\u00e3o sendo recolhidos objetos que os moradores n\u00e3o utilizam mais e que podem acumular \u00e1gua parada. Os materiais v\u00e3o ser descartados de forma apropriada.<br><br>No per\u00edodo epidemiol\u00f3gico registrado do in\u00edcio do ano, at\u00e9 hoje, Santa Rosa teve 1.026 notifica\u00e7\u00f5es do v\u00edrus, sendo 146 casos confirmados e 862 em investiga\u00e7\u00e3o. Das confirma\u00e7\u00f5es, 143 s\u00e3o aut\u00f3ctones (casos que as pessoas contra\u00edram o v\u00edrus em Santa Rosa) e 03 importados (contra\u00eddos fora do munic\u00edpio). O Presidente da Funda\u00e7\u00e3o de Sa\u00fade, D\u00e9lcio Stefan, refor\u00e7a que a FUMSSAR segue alertando a popula\u00e7\u00e3o e fazendo a\u00e7\u00f5es de combate \u00e0 doen\u00e7a, \u201cEstamos realizando a\u00e7\u00f5es de preven\u00e7\u00e3o nas escolas, nos supermercados e nas salas de espera das Unidades B\u00e1sicas de Sa\u00fade, buscando conscientizar a popula\u00e7\u00e3o para que fa\u00e7am sua parte e nos auxilie na elimina\u00e7\u00e3o dos criadouros do mosquito\u201d.<br><br>A dengue pode se manifestar de forma leve, moderada, ou grave, que \u00e9 o caso da dengue hemorr\u00e1gica. O per\u00edodo de incuba\u00e7\u00e3o, ou seja, o tempo que demora desde a picada do mosquito infectado at\u00e9 o aparecimento dos primeiros sintomas da doen\u00e7a, \u00e9 de, em m\u00e9dia, 05 a 06 dias, conforme o Minist\u00e9rio da Sa\u00fade. Nos adultos, a primeira manifesta\u00e7\u00e3o dos sintomas da Dengue, \u00e9 a febre alta, (39\u00baC a 40\u00baC), de in\u00edcio repentino, que pode estar associada a dor de cabe\u00e7a, prostra\u00e7\u00e3o, dores musculares, nas juntas e atr\u00e1s dos olhos, vermelhid\u00e3o no corpo (exantema) e coceira. A FUMSSAR orienta a popula\u00e7\u00e3o para que fa\u00e7a uso do repelente e refor\u00e7a que caso sejam observados sintomas da doen\u00e7a, o cidad\u00e3o deve manter a hidrata\u00e7\u00e3o e procurar a Unidade B\u00e1sica de Sa\u00fade de refer\u00eancia. Se houver algum sintoma grave, o mesmo deve dirigir-se \u00e0 Unidade de Pronto Atendimento (UPA).<\/p>\n","protected":false},"excerpt":{"rendered":"<p>Est\u00e3o sendo recolhidos objetos que os moradores n\u00e3o utilizam mais e que podem acumular \u00e1gua parada A FUMSSAR, por meio<\/p>\n","protected":false},"author":3,"featured_media":4368,"comment_status":"open","ping_status":"open","sticky":false,"template":"","format":"standard","meta":{"footnotes":""},"categories":[4,8],"tags":[],"class_list":["post-4367","post","type-post","status-publish","format-standard","has-post-thumbnail","hentry","category-noticias","category-noticias-fumssar"],"aioseo_notices":[],"_links":{"self":[{"href":"https:\/\/prefeitura.santarosa.rs.gov.br\/index.php?rest_route=\/wp\/v2\/posts\/4367","targetHints":{"allow":["GET"]}}],"collection":[{"href":"https:\/\/prefeitura.santarosa.rs.gov.br\/index.php?rest_route=\/wp\/v2\/posts"}],"about":[{"href":"https:\/\/prefeitura.santarosa.rs.gov.br\/index.php?rest_route=\/wp\/v2\/types\/post"}],"author":[{"embeddable":true,"href":"https:\/\/prefeitura.santarosa.rs.gov.br\/index.php?rest_route=\/wp\/v2\/users\/3"}],"replies":[{"embeddable":true,"href":"https:\/\/prefeitura.santarosa.rs.gov.br\/index.php?rest_route=%2Fwp%2Fv2%2Fcomments&post=4367"}],"version-history":[{"count":1,"href":"https:\/\/prefeitura.santarosa.rs.gov.br\/index.php?rest_route=\/wp\/v2\/posts\/4367\/revisions"}],"predecessor-version":[{"id":4369,"href":"https:\/\/prefeitura.santarosa.rs.gov.br\/index.php?rest_route=\/wp\/v2\/posts\/4367\/revisions\/4369"}],"wp:featuredmedia":[{"embeddable":true,"href":"https:\/\/prefeitura.santarosa.rs.gov.br\/index.php?rest_route=\/wp\/v2\/media\/4368"}],"wp:attachment":[{"href":"https:\/\/prefeitura.santarosa.rs.gov.br\/index.php?rest_route=%2Fwp%2Fv2%2Fmedia&parent=4367"}],"wp:term":[{"taxonomy":"category","embeddable":true,"href":"https:\/\/prefeitura.santarosa.rs.gov.br\/index.php?rest_route=%2Fwp%2Fv2%2Fcategories&post=4367"},{"taxonomy":"post_tag","embeddable":true,"href":"https:\/\/prefeitura.santarosa.rs.gov.br\/index.php?rest_route=%2Fwp%2Fv2%2Ftags&post=4367"}],"curies":[{"name":"wp","href":"https:\/\/api.w.org\/{rel}","templated":true}]}}