{"id":4345,"date":"2022-04-12T17:16:00","date_gmt":"2022-04-12T20:16:00","guid":{"rendered":"https:\/\/prefeitura.santarosa.rs.gov.br\/?p=4345"},"modified":"2024-10-07T09:54:26","modified_gmt":"2024-10-07T12:54:26","slug":"programa-movimenta-nas-escolas-municipais","status":"publish","type":"post","link":"https:\/\/prefeitura.santarosa.rs.gov.br\/?p=4345","title":{"rendered":"Programa Movimenta nas escolas municipais"},"content":{"rendered":"\n<p>O objetivo do Programa \u00e9 promover a alimenta\u00e7\u00e3o saud\u00e1vel, a preven\u00e7\u00e3o e o tratamento da obesidade infantil, considerada hoje um grande problema de sa\u00fade p\u00fablica.<\/p>\n\n\n\n<p>Na \u00faltima semana, aconteceu na E.M.E.F Cel. Raul Oliveira, no bairro Cruzeiro, a implementa\u00e7\u00e3o do Programa Movimenta em Santa Rosa. O lan\u00e7amento do projeto contou com a participa\u00e7\u00e3o da diretoria da escola, pais e alunos. O projeto \u00e9 uma iniciativa da FUMSSAR, por meio do PSE &#8211; Programa Sa\u00fade na Escola, em parceria com a Secretaria de Educa\u00e7\u00e3o e Cultura e o LAFPS \u2013 Laborat\u00f3rio de Atividade F\u00edsica e Promo\u00e7\u00e3o da Sa\u00fade da UNIJU\u00cd. O objetivo do Programa \u00e9 promover a alimenta\u00e7\u00e3o saud\u00e1vel, a preven\u00e7\u00e3o e o tratamento da obesidade infantil, considerada hoje um grande problema de sa\u00fade p\u00fablica.<br><br>O projeto proporciona pr\u00e1ticas corporais, atendimento nutricional e psicol\u00f3gico. A Coordenadora do PSE, Andr\u00e9a Bauken, destacou a import\u00e2ncia do programa para os estudantes, \u201cNosso objetivo \u00e9 incentivar os estudantes a adquirirem h\u00e1bitos saud\u00e1veis, por meio da pr\u00e1tica de atividades f\u00edsicas, orienta\u00e7\u00e3o nutricional e com o apoio emocional necess\u00e1rio para realizar essas mudan\u00e7as, buscando oferecer uma vida mais saud\u00e1vel e de qualidade para estes jovens\u201d. Segundo dados do Sistema de Vigil\u00e2ncia Alimentar e Nutricional &#8211; (SISVAN, 2021), Santa Rosa j\u00e1 apresenta quase a metade dos adolescentes com excesso de peso e 30 % das crian\u00e7as de 5 a 9 anos com o peso elevado para a idade.<br><br>As atividades j\u00e1 iniciaram na E.M.E.F Cel. Raul Oliveira. Mediante autoriza\u00e7\u00e3o dos pais ou respons\u00e1veis, os alunos participam do programa e de oficinas, onde passam por uma avalia\u00e7\u00e3o detalhada, que investiga os aspectos biopsicossociais e condi\u00e7\u00f5es de sa\u00fade de cada estudante. Ap\u00f3s a avalia\u00e7\u00e3o, os alunos s\u00e3o encaminhados para o atendimento nutricional e psicol\u00f3gico, al\u00e9m de participar semanalmente do grupo de atividades f\u00edsicas. Para o Presidente da FUMSSAR, D\u00e9lcio Stefan, o Movimenta \u00e9 mais uma a\u00e7\u00e3o estrat\u00e9gica para melhorar a sa\u00fade de crian\u00e7as e adolescentes de Santa Rosa, \u201cA FUMSSAR sempre est\u00e1 atenta aos \u00edndices de sa\u00fade do munic\u00edpio. O Movimenta foi criado em parceria com a educa\u00e7\u00e3o, a partir da an\u00e1lise destes dados de crian\u00e7as e adolescentes do munic\u00edpio. \u00c9 uma a\u00e7\u00e3o que oferece para estes jovens, melhora na sa\u00fade e bem-estar\u201d. O Programa Movimenta vai proporcionar o cuidado integral para cerca de 200 alunos mensalmente. As demais escolas do munic\u00edpio v\u00e3o ser atendidas conforme cronograma do Programa Sa\u00fade na Escola.<\/p>\n","protected":false},"excerpt":{"rendered":"<p>O objetivo do Programa \u00e9 promover a alimenta\u00e7\u00e3o saud\u00e1vel, a preven\u00e7\u00e3o e o tratamento da obesidade infantil, considerada hoje um<\/p>\n","protected":false},"author":3,"featured_media":4346,"comment_status":"open","ping_status":"open","sticky":false,"template":"","format":"standard","meta":{"footnotes":""},"categories":[4,18],"tags":[],"class_list":["post-4345","post","type-post","status-publish","format-standard","has-post-thumbnail","hentry","category-noticias","category-secretaria-municipal-de-educacao-e-cultura"],"aioseo_notices":[],"_links":{"self":[{"href":"https:\/\/prefeitura.santarosa.rs.gov.br\/index.php?rest_route=\/wp\/v2\/posts\/4345","targetHints":{"allow":["GET"]}}],"collection":[{"href":"https:\/\/prefeitura.santarosa.rs.gov.br\/index.php?rest_route=\/wp\/v2\/posts"}],"about":[{"href":"https:\/\/prefeitura.santarosa.rs.gov.br\/index.php?rest_route=\/wp\/v2\/types\/post"}],"author":[{"embeddable":true,"href":"https:\/\/prefeitura.santarosa.rs.gov.br\/index.php?rest_route=\/wp\/v2\/users\/3"}],"replies":[{"embeddable":true,"href":"https:\/\/prefeitura.santarosa.rs.gov.br\/index.php?rest_route=%2Fwp%2Fv2%2Fcomments&post=4345"}],"version-history":[{"count":1,"href":"https:\/\/prefeitura.santarosa.rs.gov.br\/index.php?rest_route=\/wp\/v2\/posts\/4345\/revisions"}],"predecessor-version":[{"id":4347,"href":"https:\/\/prefeitura.santarosa.rs.gov.br\/index.php?rest_route=\/wp\/v2\/posts\/4345\/revisions\/4347"}],"wp:featuredmedia":[{"embeddable":true,"href":"https:\/\/prefeitura.santarosa.rs.gov.br\/index.php?rest_route=\/wp\/v2\/media\/4346"}],"wp:attachment":[{"href":"https:\/\/prefeitura.santarosa.rs.gov.br\/index.php?rest_route=%2Fwp%2Fv2%2Fmedia&parent=4345"}],"wp:term":[{"taxonomy":"category","embeddable":true,"href":"https:\/\/prefeitura.santarosa.rs.gov.br\/index.php?rest_route=%2Fwp%2Fv2%2Fcategories&post=4345"},{"taxonomy":"post_tag","embeddable":true,"href":"https:\/\/prefeitura.santarosa.rs.gov.br\/index.php?rest_route=%2Fwp%2Fv2%2Ftags&post=4345"}],"curies":[{"name":"wp","href":"https:\/\/api.w.org\/{rel}","templated":true}]}}