{"id":4305,"date":"2022-04-04T17:06:00","date_gmt":"2022-04-04T20:06:00","guid":{"rendered":"https:\/\/prefeitura.santarosa.rs.gov.br\/?p=4305"},"modified":"2024-10-07T09:54:26","modified_gmt":"2024-10-07T12:54:26","slug":"santa-rosa-tem-100-de-aprovacao-em-transparencia-no-executivo","status":"publish","type":"post","link":"https:\/\/prefeitura.santarosa.rs.gov.br\/?p=4305","title":{"rendered":"Santa Rosa tem 100% de aprova\u00e7\u00e3o em transpar\u00eancia no executivo"},"content":{"rendered":"\n<p>A manuten\u00e7\u00e3o e a melhora das informa\u00e7\u00f5es no portal da transpar\u00eancia, constam no Plano de Governo, e tamb\u00e9m, no plano plurianual (PPA)<\/p>\n\n\n\n<p>O Tribunal de Contas do Estado do Rio Grande do Sul (TCE-RS) publicou, o resultado das an\u00e1lises dos Portais da Transpar\u00eancia ga\u00fachos. O munic\u00edpio de Santa Rosa atingiu 100% de aprova\u00e7\u00e3o. A an\u00e1lise sistem\u00e1tica \u00e9 realizada considerando a Lei de Acesso \u00e0 Informa\u00e7\u00e3o (Lei Federal n\u00ba 12.527\/2011) e da Lei de Responsabilidade Fiscal, especialmente na parte em que foi alterada pela Lei de Transpar\u00eancia da Gest\u00e3o Fiscal (Leis Complementares Federais n\u00ba 101\/2000, n\u00ba 131\/2009 e n\u00ba 156\/2016).<br><br>Com o aprimoramento da metodologia ao longo dos anos, passou a considerar tamb\u00e9m itens referentes \u00e0s novas legisla\u00e7\u00f5es que tratam sobre transpar\u00eancia p\u00fablica, como Lei das Ouvidorias (Lei Federal n\u00ba 13.460\/2017), Lei da COVID-19 (Lei n\u00ba 13.979\/2020) e Lei do Marco Regulat\u00f3rio das Organiza\u00e7\u00f5es da Sociedade Civil (Lei N\u00ba 13.019\/2014).<br><br>A manuten\u00e7\u00e3o e a melhora das informa\u00e7\u00f5es no portal da transpar\u00eancia, constam no Plano de Governo, e tamb\u00e9m, no plano plurianual (PPA). Neste, a busca \u00e9 por manter uma gest\u00e3o transparente em rela\u00e7\u00e3o a todos os atos realizados pela administra\u00e7\u00e3o municipal, disponibilizando informa\u00e7\u00e3o de forma ativa aos cidad\u00e3os.<br><br>Para Gracieli Rambo Puiatti, Integrante do Controle Interno da prefeitura, a sensa\u00e7\u00e3o \u00e9 de dever cumprido, \u201cIsso indica que estamos trabalhando conforme a legisla\u00e7\u00e3o e neste momento todas as informa\u00e7\u00f5es est\u00e3o dispon\u00edveis \u00e0 popula\u00e7\u00e3o e assim cumprimos o dever de garantir o controle social da gest\u00e3o p\u00fablica\u201d.<br><br>Segundo Ademir Rosa, Secret\u00e1rio de Gest\u00e3o, o resultado mostra o compromisso que a Prefeitura tem com as informa\u00e7\u00f5es do \u00f3rg\u00e3o p\u00fablico e seu planejamento, \u201cBuscamos cumprir diariamente nossa obriga\u00e7\u00e3o, que \u00e9 trazer todas as informa\u00e7\u00f5es pertinentes aos cidad\u00e3os santa-rosenses, de forma transparente e objetiva. Este reconhecimento nos enche de orgulho e quem ganha \u00e9 a comunidade\u201d. A atividade \u00e9 cont\u00ednua e deve ser aprimorada.<\/p>\n","protected":false},"excerpt":{"rendered":"<p>A manuten\u00e7\u00e3o e a melhora das informa\u00e7\u00f5es no portal da transpar\u00eancia, constam no Plano de Governo, e tamb\u00e9m, no plano<\/p>\n","protected":false},"author":3,"featured_media":4306,"comment_status":"open","ping_status":"open","sticky":false,"template":"","format":"standard","meta":{"footnotes":""},"categories":[4,23,3],"tags":[],"class_list":["post-4305","post","type-post","status-publish","format-standard","has-post-thumbnail","hentry","category-noticias","category-secretaria-municipal-governanca-gestao","category-gabinete-do-prefeito"],"aioseo_notices":[],"_links":{"self":[{"href":"https:\/\/prefeitura.santarosa.rs.gov.br\/index.php?rest_route=\/wp\/v2\/posts\/4305","targetHints":{"allow":["GET"]}}],"collection":[{"href":"https:\/\/prefeitura.santarosa.rs.gov.br\/index.php?rest_route=\/wp\/v2\/posts"}],"about":[{"href":"https:\/\/prefeitura.santarosa.rs.gov.br\/index.php?rest_route=\/wp\/v2\/types\/post"}],"author":[{"embeddable":true,"href":"https:\/\/prefeitura.santarosa.rs.gov.br\/index.php?rest_route=\/wp\/v2\/users\/3"}],"replies":[{"embeddable":true,"href":"https:\/\/prefeitura.santarosa.rs.gov.br\/index.php?rest_route=%2Fwp%2Fv2%2Fcomments&post=4305"}],"version-history":[{"count":1,"href":"https:\/\/prefeitura.santarosa.rs.gov.br\/index.php?rest_route=\/wp\/v2\/posts\/4305\/revisions"}],"predecessor-version":[{"id":4307,"href":"https:\/\/prefeitura.santarosa.rs.gov.br\/index.php?rest_route=\/wp\/v2\/posts\/4305\/revisions\/4307"}],"wp:featuredmedia":[{"embeddable":true,"href":"https:\/\/prefeitura.santarosa.rs.gov.br\/index.php?rest_route=\/wp\/v2\/media\/4306"}],"wp:attachment":[{"href":"https:\/\/prefeitura.santarosa.rs.gov.br\/index.php?rest_route=%2Fwp%2Fv2%2Fmedia&parent=4305"}],"wp:term":[{"taxonomy":"category","embeddable":true,"href":"https:\/\/prefeitura.santarosa.rs.gov.br\/index.php?rest_route=%2Fwp%2Fv2%2Fcategories&post=4305"},{"taxonomy":"post_tag","embeddable":true,"href":"https:\/\/prefeitura.santarosa.rs.gov.br\/index.php?rest_route=%2Fwp%2Fv2%2Ftags&post=4305"}],"curies":[{"name":"wp","href":"https:\/\/api.w.org\/{rel}","templated":true}]}}