{"id":4292,"date":"2022-04-01T14:37:00","date_gmt":"2022-04-01T17:37:00","guid":{"rendered":"https:\/\/prefeitura.santarosa.rs.gov.br\/?p=4292"},"modified":"2024-10-07T09:54:26","modified_gmt":"2024-10-07T12:54:26","slug":"mantei-na-posse-do-governador-ranolfo","status":"publish","type":"post","link":"https:\/\/prefeitura.santarosa.rs.gov.br\/?p=4292","title":{"rendered":"Mantei na posse do Governador Ranolfo"},"content":{"rendered":"\n<p>O ato aconteceu no Pal\u00e1cio Piratini em Porto Alegre e contou com a presen\u00e7a de diversas autoridades<\/p>\n\n\n\n<p>Nesta quinta-feira (31), o Prefeito Anderson Mantei participou da cerim\u00f4nia de posse do novo governador do estado do Rio Grande do Sul, Ranolfo Vieira J\u00fanior. O ato aconteceu no Pal\u00e1cio Piratini em Porto Alegre e contou com a presen\u00e7a de presidentes de \u00f3rg\u00e3os, deputados federais e estaduais, Secret\u00e1rios do governo do Estado, prefeitos e representantes de institui\u00e7\u00f5es.<br><br>Na oportunidade, o Prefeito Anderson conversou com diversas autoridades e entregou convites para a FENASOJA 2022, \u201cFiz quest\u00e3o de entregar pessoalmente o convite para os deputados, pois queremos contar com a maior for\u00e7a pol\u00edtica, de apoio a nossa feira, da hist\u00f3ria\u201d. Mantei tamb\u00e9m participou do an\u00fancio de 120 milh\u00f5es em recursos para a sa\u00fade referente a 3\u00aa etapa do Programa Avan\u00e7ar na Sa\u00fade. Os projetos contemplam obras de constru\u00e7\u00e3o de hospitais, aquisi\u00e7\u00e3o de equipamentos e investimentos em unidades b\u00e1sicas de sa\u00fade.<\/p>\n","protected":false},"excerpt":{"rendered":"<p>O ato aconteceu no Pal\u00e1cio Piratini em Porto Alegre e contou com a presen\u00e7a de diversas autoridades Nesta quinta-feira (31),<\/p>\n","protected":false},"author":3,"featured_media":4293,"comment_status":"open","ping_status":"open","sticky":false,"template":"","format":"standard","meta":{"footnotes":""},"categories":[4,3],"tags":[],"class_list":["post-4292","post","type-post","status-publish","format-standard","has-post-thumbnail","hentry","category-noticias","category-gabinete-do-prefeito"],"aioseo_notices":[],"_links":{"self":[{"href":"https:\/\/prefeitura.santarosa.rs.gov.br\/index.php?rest_route=\/wp\/v2\/posts\/4292","targetHints":{"allow":["GET"]}}],"collection":[{"href":"https:\/\/prefeitura.santarosa.rs.gov.br\/index.php?rest_route=\/wp\/v2\/posts"}],"about":[{"href":"https:\/\/prefeitura.santarosa.rs.gov.br\/index.php?rest_route=\/wp\/v2\/types\/post"}],"author":[{"embeddable":true,"href":"https:\/\/prefeitura.santarosa.rs.gov.br\/index.php?rest_route=\/wp\/v2\/users\/3"}],"replies":[{"embeddable":true,"href":"https:\/\/prefeitura.santarosa.rs.gov.br\/index.php?rest_route=%2Fwp%2Fv2%2Fcomments&post=4292"}],"version-history":[{"count":1,"href":"https:\/\/prefeitura.santarosa.rs.gov.br\/index.php?rest_route=\/wp\/v2\/posts\/4292\/revisions"}],"predecessor-version":[{"id":4294,"href":"https:\/\/prefeitura.santarosa.rs.gov.br\/index.php?rest_route=\/wp\/v2\/posts\/4292\/revisions\/4294"}],"wp:featuredmedia":[{"embeddable":true,"href":"https:\/\/prefeitura.santarosa.rs.gov.br\/index.php?rest_route=\/wp\/v2\/media\/4293"}],"wp:attachment":[{"href":"https:\/\/prefeitura.santarosa.rs.gov.br\/index.php?rest_route=%2Fwp%2Fv2%2Fmedia&parent=4292"}],"wp:term":[{"taxonomy":"category","embeddable":true,"href":"https:\/\/prefeitura.santarosa.rs.gov.br\/index.php?rest_route=%2Fwp%2Fv2%2Fcategories&post=4292"},{"taxonomy":"post_tag","embeddable":true,"href":"https:\/\/prefeitura.santarosa.rs.gov.br\/index.php?rest_route=%2Fwp%2Fv2%2Ftags&post=4292"}],"curies":[{"name":"wp","href":"https:\/\/api.w.org\/{rel}","templated":true}]}}